{"id":18501,"date":"2013-08-14T20:14:07","date_gmt":"2013-08-14T18:14:07","guid":{"rendered":"http:\/\/www.malerdeck.de\/blog\/?p=18501"},"modified":"2013-08-15T20:32:38","modified_gmt":"2013-08-15T18:32:38","slug":"wir-sind-dann-mal-fuer-fuenf-tage-weg-fuenfter-und-letzter-tag-rad-fahren-an-den-und-um-die-seeoner-seen","status":"publish","type":"post","link":"https:\/\/www.malerdeck.de\/blog\/wir-sind-dann-mal-fuer-fuenf-tage-weg-fuenfter-und-letzter-tag-rad-fahren-an-den-und-um-die-seeoner-seen","title":{"rendered":"Wir sind dann mal f\u00fcr f\u00fcnf Tage weg. F\u00fcnfter und letzter Tag: Rad fahren an den und um die Seeoner Seen"},"content":{"rendered":"<p>Samstag, 10. August \u2013 Mittwoch, 14. August<\/p>\n<p>Mittwoch, 14. August<\/p>\n<p style=\"text-align: justify;\">Seit fast drei Wochen bin ich jetzt wieder jeden Morgen <a href=\"http:\/\/www.malerdeck.de\/blog\/fast-auf-den-tag-genau-nach-zwei-jahren-heute-erstmals-wieder-gelaufen\" target=\"_blank\">gelaufen<\/a>. \ud83d\ude42 Aber an diesem Mittwoch, g\u00f6nnte ich meinen alten Knochen einmal eine kleine Pause. Stattdessen betrachtete ich den grandiosen Sonnenaufgang \u00fcber dem Klostersee des <a href=\"https:\/\/maps.google.de\/maps?oe=utf-8&amp;client=firefox-a&amp;ie=UTF-8&amp;q=kloster+seeon&amp;fb=1&amp;gl=de&amp;hq=kloster+seeon&amp;hnear=kloster+seeon&amp;cid=0,0,2749194361353861736&amp;ei=tiELUqKuLIretAbRioCYAQ&amp;ved=0CK0BEPwS\" target=\"_blank\">Kloster Seeon<\/a>.<\/p>\n<div id=\"attachment_18504\" style=\"width: 562px\" class=\"wp-caption aligncenter\"><a href=\"http:\/\/www.malerdeck.de\/blog\/wp-content\/uploads\/2013\/08\/Sonnenaufgang-Kloster-Seeon.jpg\"><img loading=\"lazy\" decoding=\"async\" aria-describedby=\"caption-attachment-18504\" class=\"size-full wp-image-18504\" alt=\"Fliegengitter\" src=\"http:\/\/www.malerdeck.de\/blog\/wp-content\/uploads\/2013\/08\/Sonnenaufgang-Kloster-Seeon.jpg\" width=\"552\" height=\"456\" srcset=\"https:\/\/www.malerdeck.de\/blog\/wp-content\/uploads\/2013\/08\/Sonnenaufgang-Kloster-Seeon.jpg 552w, https:\/\/www.malerdeck.de\/blog\/wp-content\/uploads\/2013\/08\/Sonnenaufgang-Kloster-Seeon-300x247.jpg 300w\" sizes=\"auto, (max-width: 552px) 100vw, 552px\" \/><\/a><p id=\"caption-attachment-18504\" class=\"wp-caption-text\">Aus meinem Hotelfenster, durchs Fliegengitter fotografiert, der Sonnenaufgang \u00fcber dem Klostersee<\/p><\/div>\n<div id=\"attachment_18512\" style=\"width: 562px\" class=\"wp-caption aligncenter\"><a href=\"http:\/\/www.malerdeck.de\/blog\/wp-content\/uploads\/2013\/08\/Startvorbereitungen.jpg\"><img loading=\"lazy\" decoding=\"async\" aria-describedby=\"caption-attachment-18512\" class=\"size-full wp-image-18512\" alt=\"Die Startvorbereitungen\" src=\"http:\/\/www.malerdeck.de\/blog\/wp-content\/uploads\/2013\/08\/Startvorbereitungen.jpg\" width=\"552\" height=\"426\" srcset=\"https:\/\/www.malerdeck.de\/blog\/wp-content\/uploads\/2013\/08\/Startvorbereitungen.jpg 552w, https:\/\/www.malerdeck.de\/blog\/wp-content\/uploads\/2013\/08\/Startvorbereitungen-300x231.jpg 300w\" sizes=\"auto, (max-width: 552px) 100vw, 552px\" \/><\/a><p id=\"caption-attachment-18512\" class=\"wp-caption-text\">Die Startvorbereitungen<\/p><\/div>\n<div id=\"attachment_18513\" style=\"width: 562px\" class=\"wp-caption aligncenter\"><a href=\"http:\/\/www.malerdeck.de\/blog\/wp-content\/uploads\/2013\/08\/Griessee.jpg\"><img loading=\"lazy\" decoding=\"async\" aria-describedby=\"caption-attachment-18513\" class=\"size-full wp-image-18513\" alt=\"Unter anderem, wollen wir an den Giessee fahren, aber \" src=\"http:\/\/www.malerdeck.de\/blog\/wp-content\/uploads\/2013\/08\/Griessee.jpg\" width=\"552\" height=\"598\" srcset=\"https:\/\/www.malerdeck.de\/blog\/wp-content\/uploads\/2013\/08\/Griessee.jpg 552w, https:\/\/www.malerdeck.de\/blog\/wp-content\/uploads\/2013\/08\/Griessee-276x300.jpg 276w\" sizes=\"auto, (max-width: 552px) 100vw, 552px\" \/><\/a><p id=\"caption-attachment-18513\" class=\"wp-caption-text\">Unter anderem, wollen wir an den <a href=\"https:\/\/maps.google.de\/maps?oe=utf-8&amp;client=firefox-a&amp;ie=UTF-8&amp;q=kloster+seeon&amp;fb=1&amp;gl=de&amp;hq=kloster+seeon&amp;hnear=kloster+seeon&amp;cid=0,0,2749194361353861736&amp;ei=tiELUqKuLIretAbRioCYAQ&amp;ved=0CK0BEPwS\" target=\"_blank\">Griessee<\/a> fahren, aber auch Querbeet an die anderen idyllischen Seeen der <a href=\"https:\/\/maps.google.de\/maps?q=chiemsee+griessee&amp;oe=utf-8&amp;rls=org.mozilla:de:official&amp;client=firefox-a&amp;gws_rd=cr&amp;um=1&amp;ie=UTF-8&amp;hl=de&amp;sa=N&amp;tab=wl\" target=\"_blank\">Seeoner Seen<\/a><\/p><\/div>\n<div id=\"attachment_18518\" style=\"width: 562px\" class=\"wp-caption aligncenter\"><a href=\"http:\/\/www.malerdeck.de\/blog\/wp-content\/uploads\/2013\/08\/Niedermoor.jpg\"><img loading=\"lazy\" decoding=\"async\" aria-describedby=\"caption-attachment-18518\" class=\"size-full wp-image-18518\" alt=\"Durch fast unber\u00fchrte Landschaften, Niedermohrgegiete...\" src=\"http:\/\/www.malerdeck.de\/blog\/wp-content\/uploads\/2013\/08\/Niedermoor.jpg\" width=\"552\" height=\"362\" srcset=\"https:\/\/www.malerdeck.de\/blog\/wp-content\/uploads\/2013\/08\/Niedermoor.jpg 552w, https:\/\/www.malerdeck.de\/blog\/wp-content\/uploads\/2013\/08\/Niedermoor-300x196.jpg 300w\" sizes=\"auto, (max-width: 552px) 100vw, 552px\" \/><\/a><p id=\"caption-attachment-18518\" class=\"wp-caption-text\">Durch fast unber\u00fchrte Landschaften und Niedermoorgegiete&#8230;<\/p><\/div>\n<div id=\"attachment_18519\" style=\"width: 562px\" class=\"wp-caption aligncenter\"><a href=\"http:\/\/www.malerdeck.de\/blog\/wp-content\/uploads\/2013\/08\/Um-den-Griessee.jpg\"><img loading=\"lazy\" decoding=\"async\" aria-describedby=\"caption-attachment-18519\" class=\"size-full wp-image-18519\" alt=\"... landeten wir am Griessee\" src=\"http:\/\/www.malerdeck.de\/blog\/wp-content\/uploads\/2013\/08\/Um-den-Griessee.jpg\" width=\"552\" height=\"217\" srcset=\"https:\/\/www.malerdeck.de\/blog\/wp-content\/uploads\/2013\/08\/Um-den-Griessee.jpg 552w, https:\/\/www.malerdeck.de\/blog\/wp-content\/uploads\/2013\/08\/Um-den-Griessee-300x117.jpg 300w\" sizes=\"auto, (max-width: 552px) 100vw, 552px\" \/><\/a><p id=\"caption-attachment-18519\" class=\"wp-caption-text\">&#8230; f\u00fchrte uns unser Weg auch \u00fcber schwammige Kn\u00fcppeld\u00e4mme<\/p><\/div>\n<div id=\"attachment_18522\" style=\"width: 562px\" class=\"wp-caption aligncenter\"><a href=\"http:\/\/www.malerdeck.de\/blog\/wp-content\/uploads\/2013\/08\/angekommen-Griessee.jpg\"><img loading=\"lazy\" decoding=\"async\" aria-describedby=\"caption-attachment-18522\" class=\"size-full wp-image-18522\" alt=\"Der idyllische Griesse, ein warmer Badesee, lud uns auch gleich zu einem Wei\u00dfbier ein\" src=\"http:\/\/www.malerdeck.de\/blog\/wp-content\/uploads\/2013\/08\/angekommen-Griessee.jpg\" width=\"552\" height=\"210\" srcset=\"https:\/\/www.malerdeck.de\/blog\/wp-content\/uploads\/2013\/08\/angekommen-Griessee.jpg 552w, https:\/\/www.malerdeck.de\/blog\/wp-content\/uploads\/2013\/08\/angekommen-Griessee-300x114.jpg 300w\" sizes=\"auto, (max-width: 552px) 100vw, 552px\" \/><\/a><p id=\"caption-attachment-18522\" class=\"wp-caption-text\">Der idyllische Griesse, ein warmer Badesee, lud uns auch gleich zu einem Wei\u00dfbier ein<\/p><\/div>\n<div id=\"attachment_18523\" style=\"width: 562px\" class=\"wp-caption aligncenter\"><a href=\"http:\/\/www.malerdeck.de\/blog\/wp-content\/uploads\/2013\/08\/kein-Brot-dabei.jpg\"><img loading=\"lazy\" decoding=\"async\" aria-describedby=\"caption-attachment-18523\" class=\"size-full wp-image-18523\" alt=\"Die hungrigen Enten kamen sofort an, aber leider hatten wir kein Brot. Entt\u00e4uscht zischten sie wieder ab ins Wasser\" src=\"http:\/\/www.malerdeck.de\/blog\/wp-content\/uploads\/2013\/08\/kein-Brot-dabei.jpg\" width=\"552\" height=\"340\" srcset=\"https:\/\/www.malerdeck.de\/blog\/wp-content\/uploads\/2013\/08\/kein-Brot-dabei.jpg 552w, https:\/\/www.malerdeck.de\/blog\/wp-content\/uploads\/2013\/08\/kein-Brot-dabei-300x184.jpg 300w\" sizes=\"auto, (max-width: 552px) 100vw, 552px\" \/><\/a><p id=\"caption-attachment-18523\" class=\"wp-caption-text\">Die hungrigen Enten kamen sofort an, aber leider hatten wir kein Brot dabei. Entt\u00e4uscht zischten die Enten wieder ab ins Wasser<\/p><\/div>\n<div id=\"attachment_18525\" style=\"width: 562px\" class=\"wp-caption aligncenter\"><a href=\"http:\/\/www.malerdeck.de\/blog\/wp-content\/uploads\/2013\/08\/Querfeldein.jpg\"><img loading=\"lazy\" decoding=\"async\" aria-describedby=\"caption-attachment-18525\" class=\"size-full wp-image-18525\" alt=\"Danach fuhren wir querfeldein durch die Gegend und sahen unz\u00e4hlige beschauliche Flecken\" src=\"http:\/\/www.malerdeck.de\/blog\/wp-content\/uploads\/2013\/08\/Querfeldein.jpg\" width=\"552\" height=\"217\" srcset=\"https:\/\/www.malerdeck.de\/blog\/wp-content\/uploads\/2013\/08\/Querfeldein.jpg 552w, https:\/\/www.malerdeck.de\/blog\/wp-content\/uploads\/2013\/08\/Querfeldein-300x117.jpg 300w\" sizes=\"auto, (max-width: 552px) 100vw, 552px\" \/><\/a><p id=\"caption-attachment-18525\" class=\"wp-caption-text\">Danach fuhren wir querfeldein durch die Gegend und sahen unz\u00e4hlige beschauliche Flecken<\/p><\/div>\n<div id=\"attachment_18526\" style=\"width: 562px\" class=\"wp-caption aligncenter\"><a href=\"http:\/\/www.malerdeck.de\/blog\/wp-content\/uploads\/2013\/08\/Rast-und-Heimfahrt.jpg\"><img loading=\"lazy\" decoding=\"async\" aria-describedby=\"caption-attachment-18526\" class=\"size-full wp-image-18526\" alt=\"Nach einem st\u00e4rkenden bayrischen Mahl, traten wir am Nachmittag die 350 km-Heimfahrt an\" src=\"http:\/\/www.malerdeck.de\/blog\/wp-content\/uploads\/2013\/08\/Rast-und-Heimfahrt.jpg\" width=\"552\" height=\"215\" srcset=\"https:\/\/www.malerdeck.de\/blog\/wp-content\/uploads\/2013\/08\/Rast-und-Heimfahrt.jpg 552w, https:\/\/www.malerdeck.de\/blog\/wp-content\/uploads\/2013\/08\/Rast-und-Heimfahrt-300x116.jpg 300w\" sizes=\"auto, (max-width: 552px) 100vw, 552px\" \/><\/a><p id=\"caption-attachment-18526\" class=\"wp-caption-text\">Nach einem st\u00e4rkenden bayrischen Mahl, traten wir am Nachmittag die 350 km-Heimfahrt an<\/p><\/div>\n<div id=\"attachment_18529\" style=\"width: 562px\" class=\"wp-caption aligncenter\"><a href=\"http:\/\/www.malerdeck.de\/blog\/wp-content\/uploads\/2013\/08\/beste-Freunde.jpg\"><img loading=\"lazy\" decoding=\"async\" aria-describedby=\"caption-attachment-18529\" class=\"size-full wp-image-18529\" alt=\"Das war ganz sicher nicht unsere letzte Radtour. \" src=\"http:\/\/www.malerdeck.de\/blog\/wp-content\/uploads\/2013\/08\/beste-Freunde.jpg\" width=\"552\" height=\"921\" srcset=\"https:\/\/www.malerdeck.de\/blog\/wp-content\/uploads\/2013\/08\/beste-Freunde.jpg 552w, https:\/\/www.malerdeck.de\/blog\/wp-content\/uploads\/2013\/08\/beste-Freunde-179x300.jpg 179w\" sizes=\"auto, (max-width: 552px) 100vw, 552px\" \/><\/a><p id=\"caption-attachment-18529\" class=\"wp-caption-text\">Das war ganz sicher nicht die letzte Radtour <a href=\"http:\/\/www.malerdeck.de\/blog\/wp-content\/uploads\/2011\/12\/zwei-gute-Freunde.jpg\" target=\"_blank\">zweier bester Freunde<\/a> (seit 50 Jahren!)<\/p><\/div>\n<p>Die n\u00e4chste Tour ist schon geplant. Wohin? Keine Ahnung. Das entscheiden wir spontan. Wie immer, ohne irgend etwas zu buchen. Ein wenig Abenteuer eben. \ud83d\ude42<\/p>\n","protected":false},"excerpt":{"rendered":"<p>Samstag, 10. August \u2013 Mittwoch, 14. August Mittwoch, 14. August Seit fast drei Wochen bin ich jetzt wieder jeden Morgen gelaufen. \ud83d\ude42 Aber an diesem Mittwoch, g\u00f6nnte ich meinen alten Knochen einmal eine kleine Pause. Stattdessen betrachtete ich den grandiosen Sonnenaufgang \u00fcber dem Klostersee des Kloster Seeon. Die n\u00e4chste Tour ist schon geplant. Wohin? Keine [&hellip;]<\/p>\n","protected":false},"author":2,"featured_media":0,"comment_status":"open","ping_status":"open","sticky":false,"template":"","format":"standard","meta":{"footnotes":""},"categories":[13],"tags":[2351,2348,555,2349,53,2352,2353,392],"class_list":["post-18501","post","type-post","status-publish","format-standard","hentry","category-privates","tag-chiemsee","tag-fahrrad","tag-kurzurlaub","tag-radfahren","tag-radtour","tag-seeon","tag-seeoner-seen","tag-urlaub"],"_links":{"self":[{"href":"https:\/\/www.malerdeck.de\/blog\/wp-json\/wp\/v2\/posts\/18501","targetHints":{"allow":["GET"]}}],"collection":[{"href":"https:\/\/www.malerdeck.de\/blog\/wp-json\/wp\/v2\/posts"}],"about":[{"href":"https:\/\/www.malerdeck.de\/blog\/wp-json\/wp\/v2\/types\/post"}],"author":[{"embeddable":true,"href":"https:\/\/www.malerdeck.de\/blog\/wp-json\/wp\/v2\/users\/2"}],"replies":[{"embeddable":true,"href":"https:\/\/www.malerdeck.de\/blog\/wp-json\/wp\/v2\/comments?post=18501"}],"version-history":[{"count":22,"href":"https:\/\/www.malerdeck.de\/blog\/wp-json\/wp\/v2\/posts\/18501\/revisions"}],"predecessor-version":[{"id":18539,"href":"https:\/\/www.malerdeck.de\/blog\/wp-json\/wp\/v2\/posts\/18501\/revisions\/18539"}],"wp:attachment":[{"href":"https:\/\/www.malerdeck.de\/blog\/wp-json\/wp\/v2\/media?parent=18501"}],"wp:term":[{"taxonomy":"category","embeddable":true,"href":"https:\/\/www.malerdeck.de\/blog\/wp-json\/wp\/v2\/categories?post=18501"},{"taxonomy":"post_tag","embeddable":true,"href":"https:\/\/www.malerdeck.de\/blog\/wp-json\/wp\/v2\/tags?post=18501"}],"curies":[{"name":"wp","href":"https:\/\/api.w.org\/{rel}","templated":true}]}}