{"id":17677,"date":"2013-07-17T10:16:31","date_gmt":"2013-07-17T08:16:31","guid":{"rendered":"http:\/\/www.malerdeck.de\/blog\/?p=17677"},"modified":"2013-07-17T10:16:31","modified_gmt":"2013-07-17T08:16:31","slug":"eine-lanze-fuer-mein-zahnarztteam","status":"publish","type":"post","link":"https:\/\/www.malerdeck.de\/blog\/eine-lanze-fuer-mein-zahnarztteam","title":{"rendered":"Eine Lanze f\u00fcr mein Zahnarztteam"},"content":{"rendered":"<p>Zum Zahnarzt zu gehen, macht ja nicht immer gute Laune, auch mir nicht. Bei meinem Zahnarzt verstr\u00f6mt das gesamte Praxisteam immer gute Laune. Das macht es ein wenig ertr\u00e4glicher. \ud83d\ude09<\/p>\n<p>Wie in der letzten Zeit \u00f6fter (Implantat), war ich auch heute wieder beim Zahnarzt. Seit vielen Jahren bin ich dort in Behandlung.<\/p>\n<div id=\"attachment_17678\" style=\"width: 562px\" class=\"wp-caption aligncenter\"><a href=\"http:\/\/www.malerdeck.de\/blog\/wp-content\/uploads\/2013\/07\/Zahnarzt.jpg\"><img loading=\"lazy\" decoding=\"async\" aria-describedby=\"caption-attachment-17678\" class=\"size-full wp-image-17678\" alt=\"Wie gut, dass meine Schuhe und Socken heute farblich gut zum Sp\u00fclbecher abgestimmt waren. ;-) \" src=\"http:\/\/www.malerdeck.de\/blog\/wp-content\/uploads\/2013\/07\/Zahnarzt.jpg\" width=\"552\" height=\"311\" srcset=\"https:\/\/www.malerdeck.de\/blog\/wp-content\/uploads\/2013\/07\/Zahnarzt.jpg 552w, https:\/\/www.malerdeck.de\/blog\/wp-content\/uploads\/2013\/07\/Zahnarzt-300x169.jpg 300w\" sizes=\"auto, (max-width: 552px) 100vw, 552px\" \/><\/a><p id=\"caption-attachment-17678\" class=\"wp-caption-text\">Wie gut, dass meine Schuhe und Socken heute farblich gut zum Sp\u00fclbecher abgestimmt waren. \ud83d\ude09<\/p><\/div>\n<p>Die Qualit\u00e4t der Behandlung ist immer erstklassig. Die Terminplanung sowieso. L\u00e4nger als f\u00fcnf Minuten musste ich noch nie warten. Das habe ich noch bei keinem Arzt erlebt. Klasse Organisation! \ud83d\ude42<\/p>\n<div id=\"attachment_17683\" style=\"width: 292px\" class=\"wp-caption aligncenter\"><a href=\"http:\/\/www.kundinger-za.de\/\" target=\"_blank\"><img loading=\"lazy\" decoding=\"async\" aria-describedby=\"caption-attachment-17683\" class=\"size-full wp-image-17683 \" alt=\"Kundinger Zahn\u00e4rzte\" src=\"http:\/\/www.malerdeck.de\/blog\/wp-content\/uploads\/2013\/07\/Kundinger-Zahn\u00e4rzte.jpg\" width=\"282\" height=\"205\" \/><\/a><p id=\"caption-attachment-17683\" class=\"wp-caption-text\">Vielen Dank<\/p><\/div>\n<p style=\"text-align: center;\"><strong>Liebe Andrea Kundinger, lieber Dr. Otto Kundinger, liebes Praxisteam,<\/strong><br \/>\n<strong>vielen Dank f\u00fcr Ihre immer gute Betreuung und die perfekte Organisation. \ud83d\ude42<\/strong><\/p>\n","protected":false},"excerpt":{"rendered":"<p>Zum Zahnarzt zu gehen, macht ja nicht immer gute Laune, auch mir nicht. Bei meinem Zahnarzt verstr\u00f6mt das gesamte Praxisteam immer gute Laune. Das macht es ein wenig ertr\u00e4glicher. \ud83d\ude09 Wie in der letzten Zeit \u00f6fter (Implantat), war ich auch heute wieder beim Zahnarzt. Seit vielen Jahren bin ich dort in Behandlung. Die Qualit\u00e4t der [&hellip;]<\/p>\n","protected":false},"author":2,"featured_media":0,"comment_status":"open","ping_status":"open","sticky":false,"template":"","format":"standard","meta":{"footnotes":""},"categories":[13],"tags":[240,1230,64,897,892],"class_list":["post-17677","post","type-post","status-publish","format-standard","hentry","category-privates","tag-danke","tag-kompliment","tag-organisation","tag-planung","tag-zahnarzt"],"_links":{"self":[{"href":"https:\/\/www.malerdeck.de\/blog\/wp-json\/wp\/v2\/posts\/17677","targetHints":{"allow":["GET"]}}],"collection":[{"href":"https:\/\/www.malerdeck.de\/blog\/wp-json\/wp\/v2\/posts"}],"about":[{"href":"https:\/\/www.malerdeck.de\/blog\/wp-json\/wp\/v2\/types\/post"}],"author":[{"embeddable":true,"href":"https:\/\/www.malerdeck.de\/blog\/wp-json\/wp\/v2\/users\/2"}],"replies":[{"embeddable":true,"href":"https:\/\/www.malerdeck.de\/blog\/wp-json\/wp\/v2\/comments?post=17677"}],"version-history":[{"count":9,"href":"https:\/\/www.malerdeck.de\/blog\/wp-json\/wp\/v2\/posts\/17677\/revisions"}],"predecessor-version":[{"id":17688,"href":"https:\/\/www.malerdeck.de\/blog\/wp-json\/wp\/v2\/posts\/17677\/revisions\/17688"}],"wp:attachment":[{"href":"https:\/\/www.malerdeck.de\/blog\/wp-json\/wp\/v2\/media?parent=17677"}],"wp:term":[{"taxonomy":"category","embeddable":true,"href":"https:\/\/www.malerdeck.de\/blog\/wp-json\/wp\/v2\/categories?post=17677"},{"taxonomy":"post_tag","embeddable":true,"href":"https:\/\/www.malerdeck.de\/blog\/wp-json\/wp\/v2\/tags?post=17677"}],"curies":[{"name":"wp","href":"https:\/\/api.w.org\/{rel}","templated":true}]}}