{"id":17115,"date":"2013-07-02T15:51:10","date_gmt":"2013-07-02T13:51:10","guid":{"rendered":"http:\/\/www.malerdeck.de\/blog\/?p=17115"},"modified":"2013-07-02T15:51:43","modified_gmt":"2013-07-02T13:51:43","slug":"sinn-des-lebens-der-gefuehls-kompass","status":"publish","type":"post","link":"https:\/\/www.malerdeck.de\/blog\/sinn-des-lebens-der-gefuehls-kompass","title":{"rendered":"Sinn des Lebens: Der Gef\u00fchls-Kompass"},"content":{"rendered":"<div id=\"attachment_17117\" style=\"width: 247px\" class=\"wp-caption alignleft\"><a href=\"http:\/\/www.malerdeck.de\/blog\/wp-content\/uploads\/2013\/07\/Gef\u00fchls-Kompass.jpg\"><img loading=\"lazy\" decoding=\"async\" aria-describedby=\"caption-attachment-17117\" class=\"size-full wp-image-17117\" alt=\"Ihr Gef\u00fchls-Kompass\" src=\"http:\/\/www.malerdeck.de\/blog\/wp-content\/uploads\/2013\/07\/Gef\u00fchls-Kompass.jpg\" width=\"237\" height=\"156\" \/><\/a><p id=\"caption-attachment-17117\" class=\"wp-caption-text\">Ihr Gef\u00fchls-Kompass<\/p><\/div>\n<p style=\"text-align: justify;\">Auf dem Weg zu Ihrem wahren Lebensziel &#8211; Ihren spruchw\u00f6rtlichen &#8222;Sinn des Lebens&#8220; &#8211; Ihrem inneren Polarstern, werden Sie vor allem von Ihren Gef\u00fchlen geleitet. Die westliche Philosophie, angefangen bei den alten Griechen, hat uns jedoch ermutigt, uns mehr aufs Denken als aufs F\u00fchlen zu verlassen.<\/p>\n<p style=\"text-align: justify;\">Daher hat Martha Beck eine Methode entwickelt, wie Sie wieder Zugang zum Reichtum Ihrer Gef\u00fchlswelt bekommen.<\/p>\n<p style=\"text-align: justify;\"><strong>Die magische Frage<\/strong><\/p>\n<p style=\"text-align: justify;\">\u201eWie f\u00fchle ich mich?&#8220; Was ist Ihre derzeit vorherrschende Empfindung? Finden Sie Ihr aktuelles Gef\u00fchl im neben abgebildeten Kompass.<\/p>\n<p style=\"text-align: justify;\"><strong>Enttarnen Sie \u201everkleidete&#8220; Gef\u00fchle<\/strong><\/p>\n<p style=\"text-align: justify;\">H\u00e4ufig ist Ihr erstes, vordergr\u00fcndig gesp\u00fcrtes Gef\u00fchl nur eine Maskierung eines anderen, ehrlichen Gef\u00fchls, das Sie aber nicht zu zeigen wagen. Der Grund daf\u00fcr liegt h\u00e4ufig in der Kindheit. Misshandelte Kinder etwa reagieren eigentlich mit Zorn auf die empfangenen Dem\u00fctigungen, trauen sich aber nicht, ihn auszudr\u00fccken, und verstecken ihn hinter ihrer Angst. Nachfolgend finden Sie zu jedem Ihrer Gef\u00fchle m\u00f6gliche T\u00e4uschungen und Hinweise, wie Sie richtige und falsche Gef\u00fchle unterscheiden k\u00f6nnen. Das richtige Gef\u00fchl wird Sie unweigerlich Ihrem inneren Polarstern n\u00e4her bringen.<\/p>\n<p style=\"text-align: justify;\"><strong>Wenn Sie vorwiegend Angst empfinden<\/strong><\/p>\n<p style=\"text-align: justify;\"><span style=\"text-decoration: underline;\">Die positive Funktion:<\/span> Angst besch\u00fctzt Sie vor Gefahren. <span style=\"text-decoration: underline;\">Gef\u00e4hrliche T\u00e4uschung:<\/span> Hinter falscher Angst verstecken sich h\u00e4ufig Aggression und Zorn, die nicht gelebt werden d\u00fcrfen. Sie erkennen falsche Angst daran, dass sie sehr allgemein ist und nicht zu klaren Vermeidungsreaktionen f\u00fchrt. Richtige Angst l\u00e4sst sich sehr konkret bestimmen (z. B. nicht geliebt zu werden, Angst vor H\u00f6hen). <span style=\"text-decoration: underline;\">Gesunde Reaktionen:<\/span><\/p>\n<p style=\"text-align: justify;\">a) Sie sehen der Angst ins Auge. Vervollst\u00e4ndigen Sie den Satz: \u201eWenn ich nur den Mut dazu h\u00e4tte, w\u00fcrde ich &#8230;&#8220; Tun Sie, was Sie dort hingeschrieben haben, und Ihre Angst wird Ihr Bundesgenosse!<\/p>\n<p style=\"text-align: justify;\">b) Sie vermeiden, was Sie \u00e4ngstigt. Sie gehen nicht auf T\u00fcrme oder Berge und haben trotzdem ein erf\u00fclltes Leben.<\/p>\n<p style=\"text-align: justify;\"><strong>Wenn Sie vorwiegend Trauer empfinden<\/strong><\/p>\n<p style=\"text-align: justify;\"><span style=\"text-decoration: underline;\">Die positive Funktion:<\/span> Psychologen nennen Trauer \u201edas heilende Gef\u00fchl&#8220;. Menschen, die einen Trauerprozess bis zum Ende durchschreiten, werden gekr\u00e4ftigt, ges\u00fcnder und weiser. <span style=\"text-decoration: underline;\">Gef\u00e4hrliche T\u00e4uschung:<\/span> Falsche Trauer soll oft Zorn und Angst verdecken. Sie erkennen falsche Trauer an einem vagen Gef\u00fchl von Hoffnungs- und Hilflosigkeit. Richtige Trauer schmeckt auf eine eigenartige Weise s\u00fc\u00df. Sie empfinden, dass Sie ein Recht haben, dar\u00fcber zu trauern, verbunden mit einem eigentlich guten Gef\u00fchl von St\u00e4rke und Aufrichtigkeit. <span style=\"text-decoration: underline;\">Gesunde Reaktionen:<\/span> Der Grund f\u00fcr Trauer ist immer ein Verlust. Finden Sie heraus, was Ihnen genommen wurde, oft in sehr ungerechter Weise. Das kann schon lange zur\u00fcckliegen.<\/p>\n<p style=\"text-align: justify;\">a) Ersetzen Sie es, wenn m\u00f6glich, durch etwas Besseres.<\/p>\n<p style=\"text-align: justify;\">b) Lernen Sie, den Verlust als notwendigen Fortschritt in Ihrem Leben zu lieben.<\/p>\n<p style=\"text-align: justify;\"><span style=\"font-family: Arial,Helvetica,sans-serif; font-size: small;\"><strong>Wenn Sie vorwiegend Zorn empfinden<\/strong><\/span><\/p>\n<p style=\"text-align: justify;\"><span style=\"text-decoration: underline;\">Die positive Funktion:<\/span> Ihr psychologisches Immunsystem, das Ungerechtigkeiten aufsp\u00fcren und besiegen soll. Zorn ist Feuer: Nach au\u00dfen gerichtet, hat es gro\u00dfe reinigende Kraft, es ist aber auch gef\u00e4hrlich. Nach innen gerichtet, kann es Ihnen gro\u00dfen Schaden zuf\u00fcgen. Gef\u00e4hrliche T\u00e4uschung: Hinter falschem Zorn steckt sehr h\u00e4ufig Trauer, besonders bei M\u00e4nnern. Da hilft die Suche nach dem Verlorenen (siehe oben). Falscher Zorn richtet sich allgemein gegen Ihre Umgebung, auch gegen Menschen, die Sie eigentlich lieben. Er macht Sie traurig. Richtiger Zorn ist spezifisch und enth\u00e4lt eine Kraft aus Ihrer Tiefe, die Sie stark macht. Gesunde Reaktionen:<\/p>\n<p style=\"text-align: justify;\">a) \u00c4ndern Sie sich selbst.<\/p>\n<p style=\"text-align: justify;\">b) \u00c4ndern Sie die Situation.<\/p>\n<p style=\"text-align: justify;\"><strong>Wenn Sie vorwiegend Freude empfinden<\/strong><\/p>\n<p style=\"text-align: justify;\"><span style=\"text-decoration: underline;\">Die positive Funktion:<\/span> Freude n\u00e4hrt und erweitert Ihr Leben. <span style=\"text-decoration: underline;\">Gef\u00e4hrliche T\u00e4uschung:<\/span> Falsche Freude ist kurzzeitige Euphorie, hervorgerufen durch Chemikalien, eine Sucht oder eine sorgf\u00e4ltig eingef\u00e4delte Freudensituation. Falsche Freude erkennen Sie am Tief danach. Gesunde Freude enth\u00e4lt Dankbarkeit, die auch nach dem Stimmungshoch bestehen bleibt. Gesunde Reaktionen:<\/p>\n<p style=\"text-align: justify;\">a) Freuen Sie sich. G\u00f6nnen Sie sich, was Sie erfreut. Tun Sie&#8217;s!<\/p>\n<p style=\"text-align: justify;\">b) Teilen Sie Ihre Freude mit anderen. Das wird Ihre eigene Freude verdoppeln.<\/p>\n<p style=\"text-align: justify;\"><strong>Die zauberhaften 5 \u201eWs&#8220; <\/strong><\/p>\n<p style=\"text-align: justify;\">Analysieren Sie Ihre (echten!) Gef\u00fchle, indem Sie bis zu 5-mal \u201eWarum&#8220; fragen &#8211; so lange, bis Sie auf ein l\u00f6sbares Problem sto\u00dfen. Ein Beispiel: Ich bin so traurig. Warum? Weil ich heute so wenig geschafft habe. Warum? Weil ich immer wieder im Internet gesurft habe. Warum? Weil mir meine eigentliche Arbeit keine Freude macht. Warum? Weil ich zu viel allein arbeiten muss. Aha! Ein paar Kreativ-Meetings, die Versetzung in eine Arbeitsgruppe &#8211; damit sind L\u00f6sungen in Sicht.<\/p>\n<p style=\"text-align: justify;\">Oft stellt sich heraus, dass das eigentliche Problem gar nicht so komplex ist wie angenommen. Das allgemeine Gef\u00fchl von Traurigkeit l\u00e4sst sich durch eine verh\u00e4ltnism\u00e4\u00dfig kleine \u00c4nderung erfolgreich bek\u00e4mpfen &#8211; und Sie sind wieder einen Schritt auf dem Weg zu Ihrem wahren Lebensziel weitergekommen.<\/p>\n<p style=\"text-align: justify;\"><em>Autor: Werner Tiki K\u00fcstenmacher<\/em><\/p>\n<p style=\"text-align: justify;\"><em>Mit freundlicher Genehmigung des Orgenda Verlag. Quelle: <a href=\"http:\/\/www.orgenda.de\/newsletter\/anmeldung\/?aff=ORG_KOP_Deck\" target=\"_blank\">simplify-Newsletter<\/a> und <a href=\"http:\/\/www.simplify.de\/\" target=\"_blank\">simplify-Homepage<\/a>.<\/em><\/p>\n","protected":false},"excerpt":{"rendered":"<p>Auf dem Weg zu Ihrem wahren Lebensziel &#8211; Ihren spruchw\u00f6rtlichen &#8222;Sinn des Lebens&#8220; &#8211; Ihrem inneren Polarstern, werden Sie vor allem von Ihren Gef\u00fchlen geleitet. Die westliche Philosophie, angefangen bei den alten Griechen, hat uns jedoch ermutigt, uns mehr aufs Denken als aufs F\u00fchlen zu verlassen. Daher hat Martha Beck eine Methode entwickelt, wie Sie [&hellip;]<\/p>\n","protected":false},"author":2,"featured_media":0,"comment_status":"open","ping_status":"open","sticky":false,"template":"","format":"standard","meta":{"footnotes":""},"categories":[15],"tags":[2242,2241],"class_list":["post-17115","post","type-post","status-publish","format-standard","hentry","category-simplify-tipps","tag-gefuehls-kompass","tag-sinn"],"_links":{"self":[{"href":"https:\/\/www.malerdeck.de\/blog\/wp-json\/wp\/v2\/posts\/17115","targetHints":{"allow":["GET"]}}],"collection":[{"href":"https:\/\/www.malerdeck.de\/blog\/wp-json\/wp\/v2\/posts"}],"about":[{"href":"https:\/\/www.malerdeck.de\/blog\/wp-json\/wp\/v2\/types\/post"}],"author":[{"embeddable":true,"href":"https:\/\/www.malerdeck.de\/blog\/wp-json\/wp\/v2\/users\/2"}],"replies":[{"embeddable":true,"href":"https:\/\/www.malerdeck.de\/blog\/wp-json\/wp\/v2\/comments?post=17115"}],"version-history":[{"count":5,"href":"https:\/\/www.malerdeck.de\/blog\/wp-json\/wp\/v2\/posts\/17115\/revisions"}],"predecessor-version":[{"id":17123,"href":"https:\/\/www.malerdeck.de\/blog\/wp-json\/wp\/v2\/posts\/17115\/revisions\/17123"}],"wp:attachment":[{"href":"https:\/\/www.malerdeck.de\/blog\/wp-json\/wp\/v2\/media?parent=17115"}],"wp:term":[{"taxonomy":"category","embeddable":true,"href":"https:\/\/www.malerdeck.de\/blog\/wp-json\/wp\/v2\/categories?post=17115"},{"taxonomy":"post_tag","embeddable":true,"href":"https:\/\/www.malerdeck.de\/blog\/wp-json\/wp\/v2\/tags?post=17115"}],"curies":[{"name":"wp","href":"https:\/\/api.w.org\/{rel}","templated":true}]}}