{"id":17067,"date":"2013-07-02T06:42:06","date_gmt":"2013-07-02T04:42:06","guid":{"rendered":"http:\/\/www.malerdeck.de\/blog\/?p=17067"},"modified":"2014-01-04T20:35:29","modified_gmt":"2014-01-04T18:35:29","slug":"und-was-bringts-die-social-media-erfolgsgeschichte-eines-malers-der-anfang-2010-mit-social-media-startete","status":"publish","type":"post","link":"https:\/\/www.malerdeck.de\/blog\/und-was-bringts-die-social-media-erfolgsgeschichte-eines-malers-der-anfang-2010-mit-social-media-startete","title":{"rendered":"&#8222;Und, was bringt\u00b4s?&#8220; Die Social Media Erfolgsgeschichte eines Malers, der Anfang 2010 mit Social Media startete"},"content":{"rendered":"<div id=\"attachment_20834\" style=\"width: 141px\" class=\"wp-caption alignleft\"><a href=\"http:\/\/www.malerdeck.de\/blog\/wp-content\/uploads\/2013\/07\/Gl\u00fcck-mit-Werner-Deck.jpg\"><img loading=\"lazy\" decoding=\"async\" aria-describedby=\"caption-attachment-20834\" class=\" wp-image-20834\" alt=\"Mundpropaganda-Turbo Social Media Marketing\" src=\"http:\/\/www.malerdeck.de\/blog\/wp-content\/uploads\/2013\/07\/Gl\u00fcck-mit-Werner-Deck.jpg\" width=\"131\" height=\"179\" \/><\/a><p id=\"caption-attachment-20834\" class=\"wp-caption-text\">Mundpropaganda-Turbo Social Media Marketing<\/p><\/div>\n<p style=\"text-align: justify;\">&#8222;Und, was bringt\u00b4s?&#8220;, ist <em>die<\/em> Frage, die mir von Anfang an und bis heute, beim Thema Social Media, immer wieder gestellt wurde und gestellt wird.<\/p>\n<p style=\"text-align: justify;\">Social Media Marketing ist f\u00fcr mich der allergr\u00f6\u00dfte Mundpropaganda-Turbo \u00fcberhaupt. Die Zahlen belegen das sehr handfest. Anfang 2010 Begann ich mit Social Media Marketing.<\/p>\n<p style=\"text-align: justify;\">Auf meinen diversen Twitter-Konten, habe ich insgesamt ca. 42.000 Follower. Bei Google+ eingekreist von ca. 2.500 Personen und unsere Facebook-Fanseite hat aktuell 960 Fans. Dazu kommen die Kontakte auf Xing, LinkedIn, Pinterest und Youtube.<\/p>\n<p style=\"text-align: justify;\">Zwischenzeitlich zigtausende Blogler\/innen besuchen meinen Blog, wie die unten stehende Statistik zeigt.<\/p>\n<div id=\"attachment_17071\" style=\"width: 560px\" class=\"wp-caption aligncenter\"><a href=\"http:\/\/www.malerdeck.de\/blog\/wp-content\/uploads\/2013\/07\/Blogstatistik-malerdeck.jpg\"><img loading=\"lazy\" decoding=\"async\" aria-describedby=\"caption-attachment-17071\" class=\"size-full wp-image-17071 \" alt=\"\" src=\"http:\/\/www.malerdeck.de\/blog\/wp-content\/uploads\/2013\/07\/Blogstatistik-malerdeck.jpg\" width=\"550\" height=\"298\" srcset=\"https:\/\/www.malerdeck.de\/blog\/wp-content\/uploads\/2013\/07\/Blogstatistik-malerdeck.jpg 777w, https:\/\/www.malerdeck.de\/blog\/wp-content\/uploads\/2013\/07\/Blogstatistik-malerdeck-300x162.jpg 300w\" sizes=\"auto, (max-width: 550px) 100vw, 550px\" \/><\/a><p id=\"caption-attachment-17071\" class=\"wp-caption-text\">Entwicklung der Blog-Besucherzahlen seit M\u00e4rz 2010 bis heute<\/p><\/div>\n<p style=\"text-align: justify;\">Hinzu kommen nicht mehr zu z\u00e4hlende<a href=\"http:\/\/www.malerdeck.de\/blog\/tag\/artikel-interview\" target=\"_blank\"> Artikel und Interviews<\/a>, u.a. in Rundfunk und Fernsehen.\u00a0 Besonders zu erw\u00e4hnen vielleicht, die beiden Interviews in &#8222;<a href=\"http:\/\/blogs.wallstreetjournal.de\/wsj-tech\/2013\/01\/11\/der-twitternde-maler\/\" target=\"_blank\">The Wall Street Journal<\/a>&#8220; und bei den &#8222;<a href=\"http:\/\/backstagetalk.foerster-kreuz.com\/2010\/11\/werner-deck.html\" target=\"_blank\">Business Querdenkern&#8220; F\u00f6rster &amp; Kreuz<\/a>.<\/p>\n<p style=\"text-align: justify;\">Durch Social Media Marketing derart viele Kontakte zu haben und so bekannt geworden zu sein, kann f\u00fcr das eigene Gesch\u00e4ft nur von Vorteil sein. Wie schon gesagt, ein Mundpropaganda-Turbo ohnesgleichen. Weitere <a href=\"http:\/\/www.malerdeck.de\/blog\/in-36-sekunden-per-video-erklaert-der-nutzen-von-social-media\" target=\"_blank\">Ergebnisse meines Socila Media Marketings, habe ich einmal hier zusammengefasst<\/a>.<\/p>\n<p style=\"text-align: justify;\">Die mir immer wieder skeptisch gestellte Frage: &#8222;Und, was bringt\u00b4s?&#8220;, ist damit hinreichend beantwortet. Die weitverbreiteten Vorbehalte anderer Unternehmer gegen Social Media, sind f\u00fcr mich nach wie vor r\u00e4tselhaft.<\/p>\n<p style=\"text-align: justify;\">Zwischenzeitlich verzichte ich auf weitere Statistiken, wie und \u00fcber welche Wege und Informationen die Kunden auf uns aufmerksam geworden sind. Das l\u00e4sst sich so genau schlie\u00dflich nicht mehr zuordnen. Letztlich ist es ein Mix aus allen Marketingaktivit\u00e4ten.<\/p>\n<p style=\"text-align: justify;\">Letztlich werden Malerarbeiten nicht wegen unserer Bekanntheit ausgef\u00fchrt, sondern wenn es &#8222;wieder notwendig&#8220; ist. Das zeigt nicht nur die Erfahrung, sondern auch eine vor kurzem <a href=\"http:\/\/www.malerdeck.de\/blog\/die-bedarfsweckung-fuer-maler-und-tapezierbeiten-ist-praktisch-unmoeglich\" target=\"_blank\">duchgef\u00fchrte Untersuchung<\/a>.<\/p>\n","protected":false},"excerpt":{"rendered":"<p>&#8222;Und, was bringt\u00b4s?&#8220;, ist die Frage, die mir von Anfang an und bis heute, beim Thema Social Media, immer wieder gestellt wurde und gestellt wird. Social Media Marketing ist f\u00fcr mich der allergr\u00f6\u00dfte Mundpropaganda-Turbo \u00fcberhaupt. Die Zahlen belegen das sehr handfest. Anfang 2010 Begann ich mit Social Media Marketing. Auf meinen diversen Twitter-Konten, habe ich [&hellip;]<\/p>\n","protected":false},"author":2,"featured_media":0,"comment_status":"open","ping_status":"open","sticky":false,"template":"","format":"standard","meta":{"footnotes":""},"categories":[22],"tags":[23,1336,2026,480,2950,32],"class_list":["post-17067","post","type-post","status-publish","format-standard","hentry","category-social-media","tag-blog","tag-erfolg","tag-erfolgreich","tag-facebook-fanseite","tag-social-media","tag-twitter"],"_links":{"self":[{"href":"https:\/\/www.malerdeck.de\/blog\/wp-json\/wp\/v2\/posts\/17067","targetHints":{"allow":["GET"]}}],"collection":[{"href":"https:\/\/www.malerdeck.de\/blog\/wp-json\/wp\/v2\/posts"}],"about":[{"href":"https:\/\/www.malerdeck.de\/blog\/wp-json\/wp\/v2\/types\/post"}],"author":[{"embeddable":true,"href":"https:\/\/www.malerdeck.de\/blog\/wp-json\/wp\/v2\/users\/2"}],"replies":[{"embeddable":true,"href":"https:\/\/www.malerdeck.de\/blog\/wp-json\/wp\/v2\/comments?post=17067"}],"version-history":[{"count":29,"href":"https:\/\/www.malerdeck.de\/blog\/wp-json\/wp\/v2\/posts\/17067\/revisions"}],"predecessor-version":[{"id":20836,"href":"https:\/\/www.malerdeck.de\/blog\/wp-json\/wp\/v2\/posts\/17067\/revisions\/20836"}],"wp:attachment":[{"href":"https:\/\/www.malerdeck.de\/blog\/wp-json\/wp\/v2\/media?parent=17067"}],"wp:term":[{"taxonomy":"category","embeddable":true,"href":"https:\/\/www.malerdeck.de\/blog\/wp-json\/wp\/v2\/categories?post=17067"},{"taxonomy":"post_tag","embeddable":true,"href":"https:\/\/www.malerdeck.de\/blog\/wp-json\/wp\/v2\/tags?post=17067"}],"curies":[{"name":"wp","href":"https:\/\/api.w.org\/{rel}","templated":true}]}}