{"id":16942,"date":"2013-06-28T17:15:36","date_gmt":"2013-06-28T15:15:36","guid":{"rendered":"http:\/\/www.malerdeck.de\/blog\/?p=16942"},"modified":"2013-06-28T17:18:06","modified_gmt":"2013-06-28T15:18:06","slug":"autoresponder-meldet-am-28-06-13-ich-bin-vom-18-05-2013-bis-einschliesslich-26-05-2013-im-urlaub","status":"publish","type":"post","link":"https:\/\/www.malerdeck.de\/blog\/autoresponder-meldet-am-28-06-13-ich-bin-vom-18-05-2013-bis-einschliesslich-26-05-2013-im-urlaub","title":{"rendered":"Autoresponder meldet am 28.06.13: \u201cIch bin vom 18.05.2013 bis einschlie\u00dflich 26.05.2013 im Urlaub\u201d"},"content":{"rendered":"<p style=\"text-align: justify;\">Heute Mittag bekam ich eine Ausschreibung \u00fcber ein umfangreiches Bauvorhaben in Karlsruhe. Da wir ausschlie\u00dflich f\u00fcr private Auftraggeber t\u00e4tig sind, beantwortete ich die Email zeitnah.<\/p>\n<div id=\"attachment_16943\" style=\"width: 556px\" class=\"wp-caption aligncenter\"><a href=\"http:\/\/www.malerdeck.de\/blog\/wp-content\/uploads\/2013\/06\/Ausschreibung-kein-Angebot.jpg\"><img loading=\"lazy\" decoding=\"async\" aria-describedby=\"caption-attachment-16943\" class=\"size-full wp-image-16943\" alt=\"Meine Antwort auf die Ausschreibung\" src=\"http:\/\/www.malerdeck.de\/blog\/wp-content\/uploads\/2013\/06\/Ausschreibung-kein-Angebot.jpg\" width=\"546\" height=\"331\" srcset=\"https:\/\/www.malerdeck.de\/blog\/wp-content\/uploads\/2013\/06\/Ausschreibung-kein-Angebot.jpg 546w, https:\/\/www.malerdeck.de\/blog\/wp-content\/uploads\/2013\/06\/Ausschreibung-kein-Angebot-300x181.jpg 300w\" sizes=\"auto, (max-width: 546px) 100vw, 546px\" \/><\/a><p id=\"caption-attachment-16943\" class=\"wp-caption-text\">Meine Antwort auf die Ausschreibung<\/p><\/div>\n<p style=\"text-align: justify;\">Der Autoresponder des Empf\u00e4ngers meldete sich fast unmittelbar und teilte mit, dass der Schreiber bis zum 26. Mai (!)\u00a0 in Urlaub ist, Emails weder gelesen noch bearbeitet werden.<\/p>\n<div id=\"attachment_16944\" style=\"width: 550px\" class=\"wp-caption aligncenter\"><a href=\"http:\/\/www.malerdeck.de\/blog\/wp-content\/uploads\/2013\/06\/automatische-antwort.jpg\"><img loading=\"lazy\" decoding=\"async\" aria-describedby=\"caption-attachment-16944\" class=\"size-full wp-image-16944\" alt=\"automatische antwort\" src=\"http:\/\/www.malerdeck.de\/blog\/wp-content\/uploads\/2013\/06\/automatische-antwort.jpg\" width=\"540\" height=\"199\" srcset=\"https:\/\/www.malerdeck.de\/blog\/wp-content\/uploads\/2013\/06\/automatische-antwort.jpg 540w, https:\/\/www.malerdeck.de\/blog\/wp-content\/uploads\/2013\/06\/automatische-antwort-300x110.jpg 300w\" sizes=\"auto, (max-width: 540px) 100vw, 540px\" \/><\/a><p id=\"caption-attachment-16944\" class=\"wp-caption-text\">Antwort des Autoresponders<\/p><\/div>\n<p style=\"text-align: justify;\">Da werden aber schon einige Wochen keine Emails mehr gelesen? Vielleicht hat der Schreiber seinen Urlaub verl\u00e4ngert? \ud83d\ude09 Wenn das Unternehmen sonst auch so organisiert ist&#8230;..??<\/p>\n","protected":false},"excerpt":{"rendered":"<p>Heute Mittag bekam ich eine Ausschreibung \u00fcber ein umfangreiches Bauvorhaben in Karlsruhe. Da wir ausschlie\u00dflich f\u00fcr private Auftraggeber t\u00e4tig sind, beantwortete ich die Email zeitnah. Der Autoresponder des Empf\u00e4ngers meldete sich fast unmittelbar und teilte mit, dass der Schreiber bis zum 26. Mai (!)\u00a0 in Urlaub ist, Emails weder gelesen noch bearbeitet werden. Da werden [&hellip;]<\/p>\n","protected":false},"author":2,"featured_media":0,"comment_status":"open","ping_status":"open","sticky":false,"template":"","format":"standard","meta":{"footnotes":""},"categories":[12,14],"tags":[41,2232,64,392],"class_list":["post-16942","post","type-post","status-publish","format-standard","hentry","category-organisation-und-unternehmensfuehrung","category-schraeges","tag-ausschreibung","tag-autoresponder","tag-organisation","tag-urlaub"],"_links":{"self":[{"href":"https:\/\/www.malerdeck.de\/blog\/wp-json\/wp\/v2\/posts\/16942","targetHints":{"allow":["GET"]}}],"collection":[{"href":"https:\/\/www.malerdeck.de\/blog\/wp-json\/wp\/v2\/posts"}],"about":[{"href":"https:\/\/www.malerdeck.de\/blog\/wp-json\/wp\/v2\/types\/post"}],"author":[{"embeddable":true,"href":"https:\/\/www.malerdeck.de\/blog\/wp-json\/wp\/v2\/users\/2"}],"replies":[{"embeddable":true,"href":"https:\/\/www.malerdeck.de\/blog\/wp-json\/wp\/v2\/comments?post=16942"}],"version-history":[{"count":13,"href":"https:\/\/www.malerdeck.de\/blog\/wp-json\/wp\/v2\/posts\/16942\/revisions"}],"predecessor-version":[{"id":16957,"href":"https:\/\/www.malerdeck.de\/blog\/wp-json\/wp\/v2\/posts\/16942\/revisions\/16957"}],"wp:attachment":[{"href":"https:\/\/www.malerdeck.de\/blog\/wp-json\/wp\/v2\/media?parent=16942"}],"wp:term":[{"taxonomy":"category","embeddable":true,"href":"https:\/\/www.malerdeck.de\/blog\/wp-json\/wp\/v2\/categories?post=16942"},{"taxonomy":"post_tag","embeddable":true,"href":"https:\/\/www.malerdeck.de\/blog\/wp-json\/wp\/v2\/tags?post=16942"}],"curies":[{"name":"wp","href":"https:\/\/api.w.org\/{rel}","templated":true}]}}