{"id":16890,"date":"2013-06-28T06:39:33","date_gmt":"2013-06-28T04:39:33","guid":{"rendered":"http:\/\/www.malerdeck.de\/blog\/?p=16890"},"modified":"2013-06-28T07:56:20","modified_gmt":"2013-06-28T05:56:20","slug":"mittelstandspreis-2013-fuer-soziale-verantwortung-in-baden-wuerttemberg","status":"publish","type":"post","link":"https:\/\/www.malerdeck.de\/blog\/mittelstandspreis-2013-fuer-soziale-verantwortung-in-baden-wuerttemberg","title":{"rendered":"Mittelstandspreis 2013 f\u00fcr soziale Verantwortung in Baden-W\u00fcrttemberg"},"content":{"rendered":"<p style=\"text-align: justify;\">Stuttgart, 27. Juni<br \/>\n<strong>Die Caritas und das Ministerium f\u00fcr Finanzen und Wirtschaft verleihen den Mittelstandspreis 2013 f\u00fcr soziale Verantwortung in Baden-W\u00fcrttemberg<\/strong><\/p>\n<p style=\"text-align: justify;\">Minister Nils Schmid: &#8222;Gesellschaftlich engagierte Unternehmen positionieren sich als attraktive Arbeitgeber.&#8220; &#8211; Generalvikar Clemens Stroppel: &#8222;Die Bereitschaft zu teilen und andere teilhaben zu lassen, ist bei vielen Unternehmen stark verwurzelt.&#8220;<\/p>\n<div id=\"attachment_16894\" style=\"width: 246px\" class=\"wp-caption alignleft\"><a href=\"http:\/\/www.malerdeck.de\/blog\/wp-content\/uploads\/2013\/06\/Schloss-Stuttgart.jpg\"><img loading=\"lazy\" decoding=\"async\" aria-describedby=\"caption-attachment-16894\" class=\"size-full wp-image-16894\" alt=\"Neues Schloss in Stuttgart\" src=\"http:\/\/www.malerdeck.de\/blog\/wp-content\/uploads\/2013\/06\/Schloss-Stuttgart.jpg\" width=\"236\" height=\"142\" srcset=\"https:\/\/www.malerdeck.de\/blog\/wp-content\/uploads\/2013\/06\/Schloss-Stuttgart.jpg 546w, https:\/\/www.malerdeck.de\/blog\/wp-content\/uploads\/2013\/06\/Schloss-Stuttgart-300x181.jpg 300w\" sizes=\"auto, (max-width: 236px) 100vw, 236px\" \/><\/a><p id=\"caption-attachment-16894\" class=\"wp-caption-text\">Neues Schloss in Stuttgart<\/p><\/div>\n<p style=\"text-align: justify;\">\u201eDas vielseitige Engagement der Unternehmen ist unbezahlbar und gibt Menschen am Rande unserer Gesellschaft unkompliziert und ganz konkret neue Perspektiven\u201c, erkl\u00e4rten die Caritasdirektoren Monsignore Bernhard Appel (Freiburg) und Pr\u00e4lat Wolfgang Tripp (Stuttgart) im Neuen Schloss in Stuttgart vor 400 G\u00e4sten.<\/p>\n<p style=\"text-align: justify;\">Ein solcher Einsatz verdiene Wertsch\u00e4tzung, und daher wollten die Caritas und das Ministerium f\u00fcr Finanzen und Wirtschaft mit dem Preis Danke sagen. \u201eAls Caritas sch\u00e4tzen wir uns gl\u00fccklich, Sie an unserer Seite zu wissen, wenn wir unser Ziel verfolgen, Solidarit\u00e4t in unserer Gesellschaft zu stiften.\u201c<\/p>\n<p style=\"text-align: justify;\">Finanz- und Wirtschaftsminister Nils Schmid erkl\u00e4rte: \u201eAlle Unternehmen, die am Lea-Mittelstandspreis teilnehmen, setzen ein sichtbares Zeichen gesellschaftlicher Solidarit\u00e4t. Sie zeigen, wie unternehmerisches Handeln und gesellschaftliches Engagement Hand in Hand gehen.\u201c Schmid hob hervor, dass sich gesellschaftlich engagierte Unternehmen als attraktive Arbeitgeber positionieren k\u00f6nnen. \u201eGlaubhafte CSR-Aktivit\u00e4ten werden zu einem Wettbewerbsvorteil im Konkurrenzkampf um die vielerorts knapper werdenden Fachkr\u00e4fte.\u201c<\/p>\n<div id=\"attachment_16899\" style=\"width: 556px\" class=\"wp-caption aligncenter\"><a href=\"http:\/\/www.malerdeck.de\/blog\/wp-content\/uploads\/2013\/06\/Einladung-Stuttgart-Mittelstandspreis.jpg\"><img loading=\"lazy\" decoding=\"async\" aria-describedby=\"caption-attachment-16899\" class=\"size-full wp-image-16899 \" alt=\"Einladung zur Preisrleihung\" src=\"http:\/\/www.malerdeck.de\/blog\/wp-content\/uploads\/2013\/06\/Einladung-Stuttgart-Mittelstandspreis.jpg\" width=\"546\" height=\"875\" srcset=\"https:\/\/www.malerdeck.de\/blog\/wp-content\/uploads\/2013\/06\/Einladung-Stuttgart-Mittelstandspreis.jpg 546w, https:\/\/www.malerdeck.de\/blog\/wp-content\/uploads\/2013\/06\/Einladung-Stuttgart-Mittelstandspreis-187x300.jpg 187w\" sizes=\"auto, (max-width: 546px) 100vw, 546px\" \/><\/a><p id=\"caption-attachment-16899\" class=\"wp-caption-text\">Einladung zur Preisverleihung<\/p><\/div>\n<div id=\"attachment_16901\" style=\"width: 556px\" class=\"wp-caption aligncenter\"><a href=\"http:\/\/www.malerdeck.de\/blog\/wp-content\/uploads\/2013\/06\/Mittelstandspreis-Stuttgart.jpg\"><img loading=\"lazy\" decoding=\"async\" aria-describedby=\"caption-attachment-16901\" class=\"size-full wp-image-16901\" alt=\"Im Festsaal des Neuen Schloss in Stuttgart\" src=\"http:\/\/www.malerdeck.de\/blog\/wp-content\/uploads\/2013\/06\/Mittelstandspreis-Stuttgart.jpg\" width=\"546\" height=\"237\" srcset=\"https:\/\/www.malerdeck.de\/blog\/wp-content\/uploads\/2013\/06\/Mittelstandspreis-Stuttgart.jpg 546w, https:\/\/www.malerdeck.de\/blog\/wp-content\/uploads\/2013\/06\/Mittelstandspreis-Stuttgart-300x130.jpg 300w\" sizes=\"auto, (max-width: 546px) 100vw, 546px\" \/><\/a><p id=\"caption-attachment-16901\" class=\"wp-caption-text\">Begr\u00fc\u00dfung im Festsaal des Neuen Schloss in Stuttgart<\/p><\/div>\n<div id=\"attachment_16903\" style=\"width: 556px\" class=\"wp-caption aligncenter\"><a href=\"http:\/\/www.malerdeck.de\/blog\/wp-content\/uploads\/2013\/06\/Festsaal-neues-schloss-stuttgart.jpg\"><img loading=\"lazy\" decoding=\"async\" aria-describedby=\"caption-attachment-16903\" class=\"size-full wp-image-16903\" alt=\"Im Festsaal im Neuen Schloss Stuttgart\" src=\"http:\/\/www.malerdeck.de\/blog\/wp-content\/uploads\/2013\/06\/Festsaal-neues-schloss-stuttgart.jpg\" width=\"546\" height=\"198\" srcset=\"https:\/\/www.malerdeck.de\/blog\/wp-content\/uploads\/2013\/06\/Festsaal-neues-schloss-stuttgart.jpg 546w, https:\/\/www.malerdeck.de\/blog\/wp-content\/uploads\/2013\/06\/Festsaal-neues-schloss-stuttgart-300x108.jpg 300w\" sizes=\"auto, (max-width: 546px) 100vw, 546px\" \/><\/a><p id=\"caption-attachment-16903\" class=\"wp-caption-text\">&#8222;Volles Haus&#8220; im Festsaal des Neuen Schloss Stuttgart<\/p><\/div>\n<div id=\"attachment_16907\" style=\"width: 556px\" class=\"wp-caption aligncenter\"><a href=\"http:\/\/www.malerdeck.de\/blog\/wp-content\/uploads\/2013\/06\/Danke.jpg\"><img loading=\"lazy\" decoding=\"async\" aria-describedby=\"caption-attachment-16907\" class=\"size-full wp-image-16907\" alt=\"Dank an alle Teilnehmer\" src=\"http:\/\/www.malerdeck.de\/blog\/wp-content\/uploads\/2013\/06\/Danke.jpg\" width=\"546\" height=\"430\" srcset=\"https:\/\/www.malerdeck.de\/blog\/wp-content\/uploads\/2013\/06\/Danke.jpg 546w, https:\/\/www.malerdeck.de\/blog\/wp-content\/uploads\/2013\/06\/Danke-300x236.jpg 300w\" sizes=\"auto, (max-width: 546px) 100vw, 546px\" \/><\/a><p id=\"caption-attachment-16907\" class=\"wp-caption-text\">Dank an alle Teilnehmer<\/p><\/div>\n<div id=\"attachment_16909\" style=\"width: 556px\" class=\"wp-caption aligncenter\"><a href=\"http:\/\/www.malerdeck.de\/blog\/wp-content\/uploads\/2013\/06\/Urkunde-Sozial-Engagiert.jpg\"><img loading=\"lazy\" decoding=\"async\" aria-describedby=\"caption-attachment-16909\" class=\"size-full wp-image-16909\" alt=\"Sozial engagiert (nicht nur) 2013\" src=\"http:\/\/www.malerdeck.de\/blog\/wp-content\/uploads\/2013\/06\/Urkunde-Sozial-Engagiert.jpg\" width=\"546\" height=\"752\" srcset=\"https:\/\/www.malerdeck.de\/blog\/wp-content\/uploads\/2013\/06\/Urkunde-Sozial-Engagiert.jpg 546w, https:\/\/www.malerdeck.de\/blog\/wp-content\/uploads\/2013\/06\/Urkunde-Sozial-Engagiert-217x300.jpg 217w\" sizes=\"auto, (max-width: 546px) 100vw, 546px\" \/><\/a><p id=\"caption-attachment-16909\" class=\"wp-caption-text\">Zum Preis reichte es nicht, aber zur Urkunde: Sozial engagiert (nicht nur \ud83d\ude09 ) 2013<\/p><\/div>\n<p style=\"text-align: justify;\">Es war f\u00fcr uns sehr beeindruckend zu sehen und zu erleben, in welch hohem Ma\u00df sich so viele Unternehmer\/innen in Baden-W\u00fcrttemberg sozial egagieren. Eine ganz gro\u00dfartige Sache! Unter allen Nominierten musste die Jury schlie\u00dflich die drei Preistr\u00e4ger ermitteln.<\/p>\n<p style=\"text-align: justify;\">Die Spitzdruck GmbH aus Villingen-Schwenningen, die Diskothekenkette Top 10 aus Balingen und die IKA-Werke GmbH &amp; Co.KG aus Staufen im Breisgau wurden mit dem \u201eMittelstandspreis f\u00fcr soziale Verantwortung in Baden-W\u00fcrttemberg 2013\u201c ausgezeichnet. Sie erreichten in ihrer Gr\u00f6\u00dfenkategorie den ersten Platz unter 207 eingegangenen Bewerbungen.<\/p>\n<p style=\"text-align: justify;\">Der Mittelstandspreis f\u00fcr soziale Verantwortung positioniert sich in seinem siebten Jahr erneut als bundesweit teilnehmerst\u00e4rkster Wettbewerb, der Corporate-Social-Responsibility -Aktivit\u00e4ten (CSR) kleiner und mittlerer Unternehmen auszeichnet. Der undotierte Preis steht unter dem Motto \u201eLeistung \u2013 Engagement \u2013 Anerkennung\u201c und w\u00fcrdigt das freiwillige soziale und gesellschaftliche Engagement dieser Unternehmen.<\/p>\n<p style=\"text-align: justify;\">Meinen allerherzlichsten Gl\u00fcckwunsch an die drei Preistr\u00e4ger! Danke, dass wir dabei sein durften. \ud83d\ude42<\/p>\n","protected":false},"excerpt":{"rendered":"<p>Stuttgart, 27. Juni Die Caritas und das Ministerium f\u00fcr Finanzen und Wirtschaft verleihen den Mittelstandspreis 2013 f\u00fcr soziale Verantwortung in Baden-W\u00fcrttemberg Minister Nils Schmid: &#8222;Gesellschaftlich engagierte Unternehmen positionieren sich als attraktive Arbeitgeber.&#8220; &#8211; Generalvikar Clemens Stroppel: &#8222;Die Bereitschaft zu teilen und andere teilhaben zu lassen, ist bei vielen Unternehmen stark verwurzelt.&#8220; \u201eDas vielseitige Engagement der [&hellip;]<\/p>\n","protected":false},"author":2,"featured_media":0,"comment_status":"open","ping_status":"open","sticky":false,"template":"","format":"standard","meta":{"footnotes":""},"categories":[16],"tags":[1939,2228,2227,1337,2226,101,631],"class_list":["post-16890","post","type-post","status-publish","format-standard","hentry","category-soziales","tag-anerkennung","tag-engagement","tag-lea","tag-leistung","tag-mittelstandspreis","tag-soziales-2","tag-soziales-engagement"],"_links":{"self":[{"href":"https:\/\/www.malerdeck.de\/blog\/wp-json\/wp\/v2\/posts\/16890","targetHints":{"allow":["GET"]}}],"collection":[{"href":"https:\/\/www.malerdeck.de\/blog\/wp-json\/wp\/v2\/posts"}],"about":[{"href":"https:\/\/www.malerdeck.de\/blog\/wp-json\/wp\/v2\/types\/post"}],"author":[{"embeddable":true,"href":"https:\/\/www.malerdeck.de\/blog\/wp-json\/wp\/v2\/users\/2"}],"replies":[{"embeddable":true,"href":"https:\/\/www.malerdeck.de\/blog\/wp-json\/wp\/v2\/comments?post=16890"}],"version-history":[{"count":25,"href":"https:\/\/www.malerdeck.de\/blog\/wp-json\/wp\/v2\/posts\/16890\/revisions"}],"predecessor-version":[{"id":16921,"href":"https:\/\/www.malerdeck.de\/blog\/wp-json\/wp\/v2\/posts\/16890\/revisions\/16921"}],"wp:attachment":[{"href":"https:\/\/www.malerdeck.de\/blog\/wp-json\/wp\/v2\/media?parent=16890"}],"wp:term":[{"taxonomy":"category","embeddable":true,"href":"https:\/\/www.malerdeck.de\/blog\/wp-json\/wp\/v2\/categories?post=16890"},{"taxonomy":"post_tag","embeddable":true,"href":"https:\/\/www.malerdeck.de\/blog\/wp-json\/wp\/v2\/tags?post=16890"}],"curies":[{"name":"wp","href":"https:\/\/api.w.org\/{rel}","templated":true}]}}