{"id":16725,"date":"2013-06-25T04:01:52","date_gmt":"2013-06-25T02:01:52","guid":{"rendered":"http:\/\/www.malerdeck.de\/blog\/?p=16725"},"modified":"2013-06-25T04:42:15","modified_gmt":"2013-06-25T02:42:15","slug":"kunde-ihr-angebot-kam-schnell-und-war-aussagekraeftig-leider-verhaelt-es-sich-mit-dem-vergleichsangebot-nicht-so","status":"publish","type":"post","link":"https:\/\/www.malerdeck.de\/blog\/kunde-ihr-angebot-kam-schnell-und-war-aussagekraeftig-leider-verhaelt-es-sich-mit-dem-vergleichsangebot-nicht-so","title":{"rendered":"Kunde: &#8222;Ihr Angebot kam schnell und war aussagekr\u00e4ftig. Leider verh\u00e4lt es sich mit dem Vergleichsangebot nicht so.&#8220;"},"content":{"rendered":"<p style=\"text-align: justify;\">Am Freitanachmittag des 31. Mai, hatte ich einen Kundentermin mit intensiver Beratung. Dabei er\u00f6ffnete mir der Kunde, dass er selbstverst\u00e4ndlich, zum Vergleich, noch ein anderes Angebot einhole. Der Kollege komme am 8. Juni.<\/p>\n<p style=\"text-align: justify;\">Meine Antwort war: &#8222;Das k\u00f6nnen Sie sich sparen, wir sind unvergleichlich!&#8220; \ud83d\ude09<\/p>\n<p style=\"text-align: justify;\">Im Normalfall geht das Angebot sp\u00e4testens nach zwei bis drei Tagen an den Kunden. Hier war die Ausarbeitung sehr aufw\u00e4ndig und der Abgabetermin mit dem Kunden so abgestimmt. Am Donnerstag, 6. Juni, schickte ich das Angebot an den Kunden.<\/p>\n<div id=\"attachment_16732\" style=\"width: 556px\" class=\"wp-caption aligncenter\"><a href=\"http:\/\/www.malerdeck.de\/blog\/wp-content\/uploads\/2013\/06\/Wo-bleibt-das-Angebot.jpg\"><img loading=\"lazy\" decoding=\"async\" aria-describedby=\"caption-attachment-16732\" class=\"size-full wp-image-16732 \" alt=\"Angebot\" src=\"http:\/\/www.malerdeck.de\/blog\/wp-content\/uploads\/2013\/06\/Wo-bleibt-das-Angebot.jpg\" width=\"546\" height=\"512\" srcset=\"https:\/\/www.malerdeck.de\/blog\/wp-content\/uploads\/2013\/06\/Wo-bleibt-das-Angebot.jpg 546w, https:\/\/www.malerdeck.de\/blog\/wp-content\/uploads\/2013\/06\/Wo-bleibt-das-Angebot-300x281.jpg 300w\" sizes=\"auto, (max-width: 546px) 100vw, 546px\" \/><\/a><p id=\"caption-attachment-16732\" class=\"wp-caption-text\">Unser Angebot kam wie versprochen<\/p><\/div>\n<p style=\"text-align: justify;\">Vor wenigen Tagen fragte ich per Email beim Kunden nach dem Stand der Dinge und erhielt diese Anwort.<\/p>\n<div id=\"attachment_16738\" style=\"width: 556px\" class=\"wp-caption aligncenter\"><a href=\"http:\/\/www.malerdeck.de\/blog\/wp-content\/uploads\/2013\/06\/Melde-mich-wenn-Angebot-vorliegt.jpg\"><img loading=\"lazy\" decoding=\"async\" aria-describedby=\"caption-attachment-16738\" class=\"size-full wp-image-16738\" alt=\"Ihr Angebot kam schnell und war aussagekr\u00e4ftig. Leider verh\u00e4lt es sich mit dem Vergleichsangebot des anderen Malerbetriebes nicht so\" src=\"http:\/\/www.malerdeck.de\/blog\/wp-content\/uploads\/2013\/06\/Melde-mich-wenn-Angebot-vorliegt.jpg\" width=\"546\" height=\"406\" srcset=\"https:\/\/www.malerdeck.de\/blog\/wp-content\/uploads\/2013\/06\/Melde-mich-wenn-Angebot-vorliegt.jpg 546w, https:\/\/www.malerdeck.de\/blog\/wp-content\/uploads\/2013\/06\/Melde-mich-wenn-Angebot-vorliegt-300x223.jpg 300w\" sizes=\"auto, (max-width: 546px) 100vw, 546px\" \/><\/a><p id=\"caption-attachment-16738\" class=\"wp-caption-text\">Ihr Angebot kam schnell und war aussagekr\u00e4ftig. Leider verh\u00e4lt es sich mit dem Vergleichsangebot des anderen Malerbetriebes nicht so<\/p><\/div>\n<p style=\"text-align: justify;\">Das ist keine Seltenheit, dass ein Kunde beim Handwerker mehrfach nach dem Verbleib des Angebots nachfragen muss. Hier sind bereits zweieinhalb Wochen vergangen und das Angebot liegt noch nicht vor. Ein kleiner strategischer Vorteil f\u00fcr uns.<\/p>\n<p style=\"text-align: justify;\">Bin schon sehr gespannt, ob letztlich Kompetenz, Zuverl\u00e4ssigkeit, Qualit\u00e4t und Termintreue gewinnen oder ob doch wieder alleine der Preis entscheidet?<\/p>\n<p style=\"text-align: justify;\">\n","protected":false},"excerpt":{"rendered":"<p>Am Freitanachmittag des 31. Mai, hatte ich einen Kundentermin mit intensiver Beratung. Dabei er\u00f6ffnete mir der Kunde, dass er selbstverst\u00e4ndlich, zum Vergleich, noch ein anderes Angebot einhole. Der Kollege komme am 8. Juni. Meine Antwort war: &#8222;Das k\u00f6nnen Sie sich sparen, wir sind unvergleichlich!&#8220; \ud83d\ude09 Im Normalfall geht das Angebot sp\u00e4testens nach zwei bis drei [&hellip;]<\/p>\n","protected":false},"author":2,"featured_media":0,"comment_status":"open","ping_status":"open","sticky":false,"template":"","format":"standard","meta":{"footnotes":""},"categories":[8,9],"tags":[40,2206,112,1420,2205,2207],"class_list":["post-16725","post","type-post","status-publish","format-standard","hentry","category-kundenreaktionen","category-kundenservice","tag-angebot","tag-nachtelefonieren-nach-angebot","tag-schnell","tag-warten","tag-warten-auf-angebot","tag-zeitnah"],"_links":{"self":[{"href":"https:\/\/www.malerdeck.de\/blog\/wp-json\/wp\/v2\/posts\/16725","targetHints":{"allow":["GET"]}}],"collection":[{"href":"https:\/\/www.malerdeck.de\/blog\/wp-json\/wp\/v2\/posts"}],"about":[{"href":"https:\/\/www.malerdeck.de\/blog\/wp-json\/wp\/v2\/types\/post"}],"author":[{"embeddable":true,"href":"https:\/\/www.malerdeck.de\/blog\/wp-json\/wp\/v2\/users\/2"}],"replies":[{"embeddable":true,"href":"https:\/\/www.malerdeck.de\/blog\/wp-json\/wp\/v2\/comments?post=16725"}],"version-history":[{"count":18,"href":"https:\/\/www.malerdeck.de\/blog\/wp-json\/wp\/v2\/posts\/16725\/revisions"}],"predecessor-version":[{"id":16751,"href":"https:\/\/www.malerdeck.de\/blog\/wp-json\/wp\/v2\/posts\/16725\/revisions\/16751"}],"wp:attachment":[{"href":"https:\/\/www.malerdeck.de\/blog\/wp-json\/wp\/v2\/media?parent=16725"}],"wp:term":[{"taxonomy":"category","embeddable":true,"href":"https:\/\/www.malerdeck.de\/blog\/wp-json\/wp\/v2\/categories?post=16725"},{"taxonomy":"post_tag","embeddable":true,"href":"https:\/\/www.malerdeck.de\/blog\/wp-json\/wp\/v2\/tags?post=16725"}],"curies":[{"name":"wp","href":"https:\/\/api.w.org\/{rel}","templated":true}]}}