{"id":16155,"date":"2013-06-11T13:07:07","date_gmt":"2013-06-11T11:07:07","guid":{"rendered":"http:\/\/www.malerdeck.de\/blog\/?p=16155"},"modified":"2013-06-11T13:08:25","modified_gmt":"2013-06-11T11:08:25","slug":"ueberfluessige-imagekampagne-des-handwerks-oder-was-man-mit-50-millionen-euro-sinnvolles-haette-machen-koennen","status":"publish","type":"post","link":"https:\/\/www.malerdeck.de\/blog\/ueberfluessige-imagekampagne-des-handwerks-oder-was-man-mit-50-millionen-euro-sinnvolles-haette-machen-koennen","title":{"rendered":"\u00dcberfl\u00fcssige (?) Imagekampagne des Handwerks oder: Was man mit 50 Millionen Euro sinnvolles h\u00e4tte machen k\u00f6nnen"},"content":{"rendered":"<div id=\"attachment_16161\" style=\"width: 307px\" class=\"wp-caption alignleft\"><a href=\"http:\/\/www.malerdeck.de\/blog\/wp-content\/uploads\/2013\/06\/Imagekampagne-Handwerk.jpg\"><img loading=\"lazy\" decoding=\"async\" aria-describedby=\"caption-attachment-16161\" class=\"size-full wp-image-16161\" alt=\"Imagekampagne Handwerk  - Beliebtheit sinkt\" src=\"http:\/\/www.malerdeck.de\/blog\/wp-content\/uploads\/2013\/06\/Imagekampagne-Handwerk.jpg\" width=\"297\" height=\"1398\" \/><\/a><p id=\"caption-attachment-16161\" class=\"wp-caption-text\">Imagekampagne Handwerk &#8211; Beliebtheit sinkt<\/p><\/div>\n<p style=\"text-align: justify;\">In der Ausgabe 6|2003 des &#8222;handwerk magazin, lese ich den Artikel \u00fcber die Imagekampagne des Handwerks und deren geplante Fortsetzung.<\/p>\n<p style=\"text-align: justify;\">Schon zu Beginn der Kampagne <a href=\"http:\/\/blog.malerdeck.de\/2010\/11\/09\/bewiesen-ratselhafte-imagekampagne-des-deutschen-handwerks\/\" target=\"_blank\">schrieb ich einen Blogbeitrag (im alten Blog) dar\u00fcber<\/a> und was ich von der Kampagne hielt und halte: <strong>Nichts!<\/strong><\/p>\n<p style=\"text-align: justify;\">50 Millionen Euro Zwangsmitgliedsbeitr\u00e4ge werden eingesetzt, um damit angeblich das Image des Handwerks zu verbessern.<\/p>\n<p style=\"text-align: justify;\">Das Image wird aber noch immer von den Handwerksbetrieben und deren Mitarbeitern vor Ort selbst bestimmt und gemacht.<\/p>\n<p style=\"text-align: justify;\">So ganz einfache und elementare Dinge, wie z.B.<\/p>\n<ul>\n<li style=\"text-align: center;\">Freundlichkeit<\/li>\n<li style=\"text-align: center;\">P\u00fcnktlichkeit<\/li>\n<li style=\"text-align: center;\">Sauberkeit<\/li>\n<li style=\"text-align: center;\">Zuverl\u00e4ssigkeit etc.,<\/li>\n<\/ul>\n<p style=\"text-align: justify;\">werden vom Kunden noch immer sehr h\u00e4ufig schmerzlich vermisst.<\/p>\n<p style=\"text-align: justify;\">Vielleicht w\u00e4ren die 50 Millionen Euro besser in die Aus- und Weiterbildung investiert worden, um z.B. die Wichtigkeit der oben beschriebenen Attribute bei Unternehmern und Mitarbeitern ins Blickfeld zu r\u00fccken.<\/p>\n<p style=\"text-align: justify;\">Das w\u00e4re sicher eine echte Chance zur wirklichen\u00a0 Imigaverbesserung gewesen.<\/p>\n","protected":false},"excerpt":{"rendered":"<p>In der Ausgabe 6|2003 des &#8222;handwerk magazin, lese ich den Artikel \u00fcber die Imagekampagne des Handwerks und deren geplante Fortsetzung. Schon zu Beginn der Kampagne schrieb ich einen Blogbeitrag (im alten Blog) dar\u00fcber und was ich von der Kampagne hielt und halte: Nichts! 50 Millionen Euro Zwangsmitgliedsbeitr\u00e4ge werden eingesetzt, um damit angeblich das Image des [&hellip;]<\/p>\n","protected":false},"author":2,"featured_media":0,"comment_status":"open","ping_status":"open","sticky":false,"template":"","format":"standard","meta":{"footnotes":""},"categories":[17,220],"tags":[31,50,51,1272],"class_list":["post-16155","post","type-post","status-publish","format-standard","hentry","category-strategie","category-werbung","tag-handwerk","tag-handwerker","tag-handwerkerimage","tag-imagekampagne"],"_links":{"self":[{"href":"https:\/\/www.malerdeck.de\/blog\/wp-json\/wp\/v2\/posts\/16155","targetHints":{"allow":["GET"]}}],"collection":[{"href":"https:\/\/www.malerdeck.de\/blog\/wp-json\/wp\/v2\/posts"}],"about":[{"href":"https:\/\/www.malerdeck.de\/blog\/wp-json\/wp\/v2\/types\/post"}],"author":[{"embeddable":true,"href":"https:\/\/www.malerdeck.de\/blog\/wp-json\/wp\/v2\/users\/2"}],"replies":[{"embeddable":true,"href":"https:\/\/www.malerdeck.de\/blog\/wp-json\/wp\/v2\/comments?post=16155"}],"version-history":[{"count":22,"href":"https:\/\/www.malerdeck.de\/blog\/wp-json\/wp\/v2\/posts\/16155\/revisions"}],"predecessor-version":[{"id":16177,"href":"https:\/\/www.malerdeck.de\/blog\/wp-json\/wp\/v2\/posts\/16155\/revisions\/16177"}],"wp:attachment":[{"href":"https:\/\/www.malerdeck.de\/blog\/wp-json\/wp\/v2\/media?parent=16155"}],"wp:term":[{"taxonomy":"category","embeddable":true,"href":"https:\/\/www.malerdeck.de\/blog\/wp-json\/wp\/v2\/categories?post=16155"},{"taxonomy":"post_tag","embeddable":true,"href":"https:\/\/www.malerdeck.de\/blog\/wp-json\/wp\/v2\/tags?post=16155"}],"curies":[{"name":"wp","href":"https:\/\/api.w.org\/{rel}","templated":true}]}}