{"id":15941,"date":"2013-06-05T17:13:13","date_gmt":"2013-06-05T15:13:13","guid":{"rendered":"http:\/\/www.malerdeck.de\/blog\/?p=15941"},"modified":"2013-09-15T14:07:00","modified_gmt":"2013-09-15T12:07:00","slug":"urlaubsrenovierung-begonnen-komplette-wohnung-die-kundin-ging-eine-woche-in-urlaub","status":"publish","type":"post","link":"https:\/\/www.malerdeck.de\/blog\/urlaubsrenovierung-begonnen-komplette-wohnung-die-kundin-ging-eine-woche-in-urlaub","title":{"rendered":"Urlaubsrenovierung begonnen, komplette Wohnung. Die Kundin ging eine Woche in Urlaub"},"content":{"rendered":"<p style=\"text-align: justify;\">Vorgestern starteten wir mit der Urlaubsrenovierung. Bereits <a href=\"http:\/\/www.malerdeck.de\/blog\/die-kunden-vertrauen-uns-schluessel-fuer-urlaubsrenovierung-abgeholt\" target=\"_blank\">am 21. Mai holte ich bei der Kundin den Wohnungsschl\u00fcssel<\/a> ab. Renoviert wird eine komplette 2,5-Zimmerwohnung. Decken und W\u00e4nde bekommen neue Farben und auf den Boden kommt ein Vinyl-Design-Belag.<\/p>\n<p>Selbstredend, dass wir s\u00e4mtliche M\u00f6bel und Einrichtungsgegenst\u00e4nde ein- und ausr\u00e4umen, den Schreiner zum Schrankab- und aufbau organisieren und wieder alles tiptop an seinen Platz stellen.<\/p>\n<div id=\"attachment_19056\" style=\"width: 557px\" class=\"wp-caption aligncenter\"><a href=\"http:\/\/www.malerdeck.de\/blog\/wp-content\/uploads\/2013\/06\/Material-f\u00fcr-Urlaubsrenovierung.jpg\"><img loading=\"lazy\" decoding=\"async\" aria-describedby=\"caption-attachment-19056\" class=\"size-full wp-image-19056\" alt=\"Zuerst einmal das  Material ausladen\" src=\"http:\/\/www.malerdeck.de\/blog\/wp-content\/uploads\/2013\/06\/Material-f\u00fcr-Urlaubsrenovierung.jpg\" width=\"547\" height=\"381\" srcset=\"https:\/\/www.malerdeck.de\/blog\/wp-content\/uploads\/2013\/06\/Material-f\u00fcr-Urlaubsrenovierung.jpg 547w, https:\/\/www.malerdeck.de\/blog\/wp-content\/uploads\/2013\/06\/Material-f\u00fcr-Urlaubsrenovierung-300x208.jpg 300w\" sizes=\"auto, (max-width: 547px) 100vw, 547px\" \/><\/a><p id=\"caption-attachment-19056\" class=\"wp-caption-text\">Zuerst einmal das Material ausladen<\/p><\/div>\n<div id=\"attachment_19058\" style=\"width: 557px\" class=\"wp-caption aligncenter\"><a href=\"http:\/\/www.malerdeck.de\/blog\/wp-content\/uploads\/2013\/06\/T\u00fcr-aufschlie\u00dfen.jpg\"><img loading=\"lazy\" decoding=\"async\" aria-describedby=\"caption-attachment-19058\" class=\"size-full wp-image-19058\" alt=\"Der Chef schlie\u00dft heute einmal pers\u00f6nlich die T\u00fcr auf\" src=\"http:\/\/www.malerdeck.de\/blog\/wp-content\/uploads\/2013\/06\/T\u00fcr-aufschlie\u00dfen.jpg\" width=\"547\" height=\"481\" srcset=\"https:\/\/www.malerdeck.de\/blog\/wp-content\/uploads\/2013\/06\/T\u00fcr-aufschlie\u00dfen.jpg 547w, https:\/\/www.malerdeck.de\/blog\/wp-content\/uploads\/2013\/06\/T\u00fcr-aufschlie\u00dfen-300x263.jpg 300w\" sizes=\"auto, (max-width: 547px) 100vw, 547px\" \/><\/a><p id=\"caption-attachment-19058\" class=\"wp-caption-text\">Der Chef schlie\u00dft heute einmal pers\u00f6nlich die T\u00fcr auf<\/p><\/div>\n<p>Das finden wir \u00f6fers vor: Letzte Instruktionen der Kundin an der Wohnzimmert\u00fcr!<\/p>\n<div id=\"attachment_15949\" style=\"width: 555px\" class=\"wp-caption aligncenter\"><a href=\"http:\/\/www.malerdeck.de\/blog\/wp-content\/uploads\/2013\/06\/Anweisung-Kundin.jpg\"><img loading=\"lazy\" decoding=\"async\" aria-describedby=\"caption-attachment-15949\" class=\"size-full wp-image-15949\" alt=\"Letzte Kundeninstruktionen\" src=\"http:\/\/www.malerdeck.de\/blog\/wp-content\/uploads\/2013\/06\/Anweisung-Kundin.jpg\" width=\"545\" height=\"364\" srcset=\"https:\/\/www.malerdeck.de\/blog\/wp-content\/uploads\/2013\/06\/Anweisung-Kundin.jpg 702w, https:\/\/www.malerdeck.de\/blog\/wp-content\/uploads\/2013\/06\/Anweisung-Kundin-300x200.jpg 300w\" sizes=\"auto, (max-width: 545px) 100vw, 545px\" \/><\/a><p id=\"caption-attachment-15949\" class=\"wp-caption-text\">Letzte Kundeninstruktionen<\/p><\/div>\n<p style=\"text-align: justify;\">Selbstverst\u00e4ndlich erf\u00fcllen wir das alles getreulich. Die Kundin kommt aus dem Urlaub in den Urlaub. Sie musste sich um nichts k\u00fcmmern.<\/p>\n","protected":false},"excerpt":{"rendered":"<p>Vorgestern starteten wir mit der Urlaubsrenovierung. Bereits am 21. Mai holte ich bei der Kundin den Wohnungsschl\u00fcssel ab. Renoviert wird eine komplette 2,5-Zimmerwohnung. Decken und W\u00e4nde bekommen neue Farben und auf den Boden kommt ein Vinyl-Design-Belag. Selbstredend, dass wir s\u00e4mtliche M\u00f6bel und Einrichtungsgegenst\u00e4nde ein- und ausr\u00e4umen, den Schreiner zum Schrankab- und aufbau organisieren und wieder [&hellip;]<\/p>\n","protected":false},"author":2,"featured_media":0,"comment_status":"open","ping_status":"open","sticky":false,"template":"","format":"standard","meta":{"footnotes":""},"categories":[26],"tags":[2054,2053,1823,2052,392,2951],"class_list":["post-15941","post","type-post","status-publish","format-standard","hentry","category-urlaubsrenovierung","tag-entspannt","tag-erholt","tag-renovierung","tag-stressfrei","tag-urlaub","tag-urlaubsrenovierung"],"_links":{"self":[{"href":"https:\/\/www.malerdeck.de\/blog\/wp-json\/wp\/v2\/posts\/15941","targetHints":{"allow":["GET"]}}],"collection":[{"href":"https:\/\/www.malerdeck.de\/blog\/wp-json\/wp\/v2\/posts"}],"about":[{"href":"https:\/\/www.malerdeck.de\/blog\/wp-json\/wp\/v2\/types\/post"}],"author":[{"embeddable":true,"href":"https:\/\/www.malerdeck.de\/blog\/wp-json\/wp\/v2\/users\/2"}],"replies":[{"embeddable":true,"href":"https:\/\/www.malerdeck.de\/blog\/wp-json\/wp\/v2\/comments?post=15941"}],"version-history":[{"count":11,"href":"https:\/\/www.malerdeck.de\/blog\/wp-json\/wp\/v2\/posts\/15941\/revisions"}],"predecessor-version":[{"id":19059,"href":"https:\/\/www.malerdeck.de\/blog\/wp-json\/wp\/v2\/posts\/15941\/revisions\/19059"}],"wp:attachment":[{"href":"https:\/\/www.malerdeck.de\/blog\/wp-json\/wp\/v2\/media?parent=15941"}],"wp:term":[{"taxonomy":"category","embeddable":true,"href":"https:\/\/www.malerdeck.de\/blog\/wp-json\/wp\/v2\/categories?post=15941"},{"taxonomy":"post_tag","embeddable":true,"href":"https:\/\/www.malerdeck.de\/blog\/wp-json\/wp\/v2\/tags?post=15941"}],"curies":[{"name":"wp","href":"https:\/\/api.w.org\/{rel}","templated":true}]}}