{"id":15634,"date":"2013-05-23T18:58:27","date_gmt":"2013-05-23T16:58:27","guid":{"rendered":"http:\/\/www.malerdeck.de\/blog\/?p=15634"},"modified":"2013-10-23T14:03:45","modified_gmt":"2013-10-23T12:03:45","slug":"seit-wochen-untaetige-agentur-fuer-arbeit-zumindest-in-meinem-fall-unglaublich-einfach-nur-eine-zumutung","status":"publish","type":"post","link":"https:\/\/www.malerdeck.de\/blog\/seit-wochen-untaetige-agentur-fuer-arbeit-zumindest-in-meinem-fall-unglaublich-einfach-nur-eine-zumutung","title":{"rendered":"Seit Wochen unt\u00e4tige Agentur f\u00fcr Arbeit, zumindest in meinem Fall! Unglaublich, einfach nur eine Zumutung"},"content":{"rendered":"<p style=\"text-align: justify;\">Wir hatten eine Personalanzeige onilne im Jobcenter der Bundesagentur geschaltet. Darauf erhielten wir schnell gen\u00fcgend Bewerbungen und ich wollte die Anzeige wieder offline stellen. Darauf erhielt ich die folgende Meldung (wird mit Klick gr\u00f6\u00dfer):<\/p>\n<div id=\"attachment_15025\" style=\"width: 559px\" class=\"wp-caption aligncenter\"><a href=\"http:\/\/www.malerdeck.de\/blog\/wp-content\/uploads\/2013\/05\/Benutzerkonto.jpg\"><img loading=\"lazy\" decoding=\"async\" aria-describedby=\"caption-attachment-15025\" class=\"size-full wp-image-15025\" alt=\"Benutzerkonto wurde deaktiviert - Bitte an Betreuer wenden\" src=\"http:\/\/www.malerdeck.de\/blog\/wp-content\/uploads\/2013\/05\/Benutzerkonto.jpg\" width=\"549\" height=\"320\" srcset=\"https:\/\/www.malerdeck.de\/blog\/wp-content\/uploads\/2013\/05\/Benutzerkonto.jpg 826w, https:\/\/www.malerdeck.de\/blog\/wp-content\/uploads\/2013\/05\/Benutzerkonto-300x175.jpg 300w\" sizes=\"auto, (max-width: 549px) 100vw, 549px\" \/><\/a><p id=\"caption-attachment-15025\" class=\"wp-caption-text\">Benutzerkonto wurde deaktiviert &#8211; Bitte an Betreuer wenden<\/p><\/div>\n<p>Nach dieser Meldung, erhalte ich die neuen Zugangsdaten vom Betreuer zur Verf\u00fcgung gestellt. An die Hotline, schrieb ich deshalb am 7. Mai diese Email.<\/p>\n<div id=\"attachment_15030\" style=\"width: 555px\" class=\"wp-caption aligncenter\"><a href=\"http:\/\/www.malerdeck.de\/blog\/wp-content\/uploads\/2013\/05\/Benutzerkonto-aktivieren.jpg\"><img loading=\"lazy\" decoding=\"async\" aria-describedby=\"caption-attachment-15030\" class=\"size-full wp-image-15030\" alt=\"Benutzerkonto bitte wieder aktivieren\" src=\"http:\/\/www.malerdeck.de\/blog\/wp-content\/uploads\/2013\/05\/Benutzerkonto-aktivieren.jpg\" width=\"545\" height=\"284\" srcset=\"https:\/\/www.malerdeck.de\/blog\/wp-content\/uploads\/2013\/05\/Benutzerkonto-aktivieren.jpg 545w, https:\/\/www.malerdeck.de\/blog\/wp-content\/uploads\/2013\/05\/Benutzerkonto-aktivieren-300x156.jpg 300w\" sizes=\"auto, (max-width: 545px) 100vw, 545px\" \/><\/a><p id=\"caption-attachment-15030\" class=\"wp-caption-text\">Benutzerkonto bitte wieder aktivieren<\/p><\/div>\n<p>Darauf erhielt ich gleich zwei (!) \u00fcberraschende Nachrichten.<\/p>\n<div id=\"attachment_15860\" style=\"width: 554px\" class=\"wp-caption aligncenter\"><a href=\"http:\/\/www.malerdeck.de\/blog\/wp-content\/uploads\/2013\/05\/Email-von-Arbeitsagentur.jpg\"><img loading=\"lazy\" decoding=\"async\" aria-describedby=\"caption-attachment-15860\" class=\"size-full wp-image-15860\" alt=\"Antwort der Arbeitsagentur\" src=\"http:\/\/www.malerdeck.de\/blog\/wp-content\/uploads\/2013\/05\/Email-von-Arbeitsagentur.jpg\" width=\"544\" height=\"349\" srcset=\"https:\/\/www.malerdeck.de\/blog\/wp-content\/uploads\/2013\/05\/Email-von-Arbeitsagentur.jpg 678w, https:\/\/www.malerdeck.de\/blog\/wp-content\/uploads\/2013\/05\/Email-von-Arbeitsagentur-300x192.jpg 300w\" sizes=\"auto, (max-width: 544px) 100vw, 544px\" \/><\/a><p id=\"caption-attachment-15860\" class=\"wp-caption-text\">Antwort der Arbeitsagentur<\/p><\/div>\n<div id=\"attachment_15637\" style=\"width: 555px\" class=\"wp-caption aligncenter\"><a href=\"http:\/\/www.malerdeck.de\/blog\/wp-content\/uploads\/2013\/05\/Mail-hotline-arbeitsagentur.jpg\"><img loading=\"lazy\" decoding=\"async\" aria-describedby=\"caption-attachment-15637\" class=\"size-full wp-image-15637\" alt=\"Mail hotline arbeitsagentur\" src=\"http:\/\/www.malerdeck.de\/blog\/wp-content\/uploads\/2013\/05\/Mail-hotline-arbeitsagentur.jpg\" width=\"545\" height=\"559\" srcset=\"https:\/\/www.malerdeck.de\/blog\/wp-content\/uploads\/2013\/05\/Mail-hotline-arbeitsagentur.jpg 545w, https:\/\/www.malerdeck.de\/blog\/wp-content\/uploads\/2013\/05\/Mail-hotline-arbeitsagentur-292x300.jpg 292w\" sizes=\"auto, (max-width: 545px) 100vw, 545px\" \/><\/a><p id=\"caption-attachment-15637\" class=\"wp-caption-text\">Zweite Antwort. Ach ja, hier wurde mein Anliegen sogar weitergeleitet<\/p><\/div>\n<p style=\"text-align: justify;\">Die angegebene Telefonnummer ist kostenpflichtig (Festnetzpreis 3,9 ct\/min; Mobilfunkpreise h\u00f6chstens 42 ct\/min). Warum soll ich kostenpflichtig telefonieren?<\/p>\n<p style=\"text-align: justify;\"><em>\u201cDie Reaktivierung kann nur der Kunde selbst beantragen\u201d<\/em>, schreibt mir Herr Arbeitsagentur. Hallo, genau das habe ich doch gemacht? Weiterleiten kann man das nicht? Das verstehe wer will. Oder soll das \u00fcbersetzt hei\u00dfen: \u201cIch habe keine Lust, mich darum zu k\u00fcmmern\u201d?<\/p>\n<p style=\"text-align: justify;\">Ich verstehe das Problem nicht. Wieso kann die Arbeitsagentur mir nicht einfach eine Email mit den neuen Zugangsdaten schicken? R\u00e4tsel \u00fcber R\u00e4tsel.<\/p>\n<p style=\"text-align: justify;\">\u00dcber diesen Sachverhalt und den auch ansonsten nicht besonders guten Service, <a href=\"http:\/\/www.malerdeck.de\/blog\/das-soll-service-sein-eine-miese-vorstellung-des-jobcenters-bzw-der-arbeitsagentur-wie-ich-finde\" target=\"_blank\">schrieb ich am 9. Mai einen Blogartikel<\/a>. Gleichzeitig twitterte ich den Sachverhalt mehrfach \u00fcber meine verschiedenen Konten. Am 15. Mai antwortete mit tats\u00e4chlich die Pressestelle der Arbeitsagentur auf Twitter. Siehe nachstehenden Dialog.<\/p>\n<div id=\"attachment_15638\" style=\"width: 555px\" class=\"wp-caption aligncenter\"><a href=\"http:\/\/www.malerdeck.de\/blog\/wp-content\/uploads\/2013\/05\/Dialog-mit-Budesagentur.jpg\"><img loading=\"lazy\" decoding=\"async\" aria-describedby=\"caption-attachment-15638\" class=\"size-full wp-image-15638\" alt=\"Arbeitsagentur k\u00fcndigt an, sich zu melden\" src=\"http:\/\/www.malerdeck.de\/blog\/wp-content\/uploads\/2013\/05\/Dialog-mit-Budesagentur.jpg\" width=\"545\" height=\"779\" srcset=\"https:\/\/www.malerdeck.de\/blog\/wp-content\/uploads\/2013\/05\/Dialog-mit-Budesagentur.jpg 545w, https:\/\/www.malerdeck.de\/blog\/wp-content\/uploads\/2013\/05\/Dialog-mit-Budesagentur-209x300.jpg 209w\" sizes=\"auto, (max-width: 545px) 100vw, 545px\" \/><\/a><p id=\"caption-attachment-15638\" class=\"wp-caption-text\">Arbeitsagentur k\u00fcndigt an, sich zu melden<\/p><\/div>\n<p>&#8222;Hallo Herr Deck, wir melden uns bei Ihnen in K\u00fcrze!&#8220;, konnte ich da am 15. Mai lesen. Hoffnung keimte bei mir auf.<\/p>\n<p style=\"text-align: justify;\">Was glauben Sie, was zwischenzeitlich passiert ist? Sie vermuten richtig: <strong>Nichts!<\/strong> Weder hat sich jemand bei mir gemeldet, noch ist unser Konto freigeschaltet.<\/p>\n<p style=\"text-align: justify;\">Was soll man da nur machen? Offensichtlich hoffen die Verantwortlichen (so es sie \u00fcberhaupt gibt), dass sich dieses Problem durch Nichtstun und Zeitablauf von selbst erledigt. Diese Strategie l\u00e4sst sich auch bildhaft darstellen.<\/p>\n<div id=\"attachment_15640\" style=\"width: 559px\" class=\"wp-caption aligncenter\"><a href=\"http:\/\/www.malerdeck.de\/blog\/wp-content\/uploads\/2013\/05\/Drei-Affen.jpg\"><img loading=\"lazy\" decoding=\"async\" aria-describedby=\"caption-attachment-15640\" class=\"size-full wp-image-15640\" alt=\"Die Strategie der Arbeitsagenur\" src=\"http:\/\/www.malerdeck.de\/blog\/wp-content\/uploads\/2013\/05\/Drei-Affen.jpg\" width=\"549\" height=\"236\" srcset=\"https:\/\/www.malerdeck.de\/blog\/wp-content\/uploads\/2013\/05\/Drei-Affen.jpg 856w, https:\/\/www.malerdeck.de\/blog\/wp-content\/uploads\/2013\/05\/Drei-Affen-300x128.jpg 300w\" sizes=\"auto, (max-width: 549px) 100vw, 549px\" \/><\/a><p id=\"caption-attachment-15640\" class=\"wp-caption-text\">Die Strategie der Arbeitsagentur<\/p><\/div>\n<div id=\"attachment_19686\" style=\"width: 561px\" class=\"wp-caption aligncenter\"><a href=\"http:\/\/www.malerdeck.de\/blog\/wp-content\/uploads\/2013\/05\/Ganz-sch\u00f6n-w\u00fctend.jpg\"><img loading=\"lazy\" decoding=\"async\" aria-describedby=\"caption-attachment-19686\" class=\"size-full wp-image-19686\" alt=\"\u00dcber Ihr Verhalten, liebe Arbeitsagentur, bin zwischenzeitlich ganz sch\u00f6n ungehalten.\" src=\"http:\/\/www.malerdeck.de\/blog\/wp-content\/uploads\/2013\/05\/Ganz-sch\u00f6n-w\u00fctend.jpg\" width=\"551\" height=\"397\" srcset=\"https:\/\/www.malerdeck.de\/blog\/wp-content\/uploads\/2013\/05\/Ganz-sch\u00f6n-w\u00fctend.jpg 600w, https:\/\/www.malerdeck.de\/blog\/wp-content\/uploads\/2013\/05\/Ganz-sch\u00f6n-w\u00fctend-300x216.jpg 300w\" sizes=\"auto, (max-width: 551px) 100vw, 551px\" \/><\/a><p id=\"caption-attachment-19686\" class=\"wp-caption-text\">\u00dcber Ihr Verhalten, liebe Arbeitsagentur, bin zwischenzeitlich ganz sch\u00f6n ungehalten.<\/p><\/div>\n<p>Wenn ich so mit unseren Kunden umgehen w\u00fcrde&#8230; Nicht auszudenken. Vielleicht interressiert Sie, liebe Mitarbeiter der Arbeitsagentur, wie Kundenservice bei uns aussieht? Dann lesen Sie einmal hier nach, was unsere <a href=\"http:\/\/www.malerdeck.de\/blog\/tag\/kundenlob\" target=\"_blank\">Kunden so \u00fcber uns sagen<\/a>.<\/p>\n<h3 style=\"text-align: center;\">Es gibt viel zu tun, schauen Sie sich\u00b4s ab!<\/h3>\n","protected":false},"excerpt":{"rendered":"<p>Wir hatten eine Personalanzeige onilne im Jobcenter der Bundesagentur geschaltet. Darauf erhielten wir schnell gen\u00fcgend Bewerbungen und ich wollte die Anzeige wieder offline stellen. Darauf erhielt ich die folgende Meldung (wird mit Klick gr\u00f6\u00dfer): Nach dieser Meldung, erhalte ich die neuen Zugangsdaten vom Betreuer zur Verf\u00fcgung gestellt. An die Hotline, schrieb ich deshalb am 7. [&hellip;]<\/p>\n","protected":false},"author":2,"featured_media":0,"comment_status":"open","ping_status":"open","sticky":false,"template":"","format":"standard","meta":{"footnotes":""},"categories":[4],"tags":[2029,2030,2028,247,2086],"class_list":["post-15634","post","type-post","status-publish","format-standard","hentry","category-der-buerokratie-wahnsinn","tag-arbeitsangentur","tag-buerokratie","tag-jobcenter","tag-personalanzeige","tag-untaetig"],"_links":{"self":[{"href":"https:\/\/www.malerdeck.de\/blog\/wp-json\/wp\/v2\/posts\/15634","targetHints":{"allow":["GET"]}}],"collection":[{"href":"https:\/\/www.malerdeck.de\/blog\/wp-json\/wp\/v2\/posts"}],"about":[{"href":"https:\/\/www.malerdeck.de\/blog\/wp-json\/wp\/v2\/types\/post"}],"author":[{"embeddable":true,"href":"https:\/\/www.malerdeck.de\/blog\/wp-json\/wp\/v2\/users\/2"}],"replies":[{"embeddable":true,"href":"https:\/\/www.malerdeck.de\/blog\/wp-json\/wp\/v2\/comments?post=15634"}],"version-history":[{"count":22,"href":"https:\/\/www.malerdeck.de\/blog\/wp-json\/wp\/v2\/posts\/15634\/revisions"}],"predecessor-version":[{"id":19689,"href":"https:\/\/www.malerdeck.de\/blog\/wp-json\/wp\/v2\/posts\/15634\/revisions\/19689"}],"wp:attachment":[{"href":"https:\/\/www.malerdeck.de\/blog\/wp-json\/wp\/v2\/media?parent=15634"}],"wp:term":[{"taxonomy":"category","embeddable":true,"href":"https:\/\/www.malerdeck.de\/blog\/wp-json\/wp\/v2\/categories?post=15634"},{"taxonomy":"post_tag","embeddable":true,"href":"https:\/\/www.malerdeck.de\/blog\/wp-json\/wp\/v2\/tags?post=15634"}],"curies":[{"name":"wp","href":"https:\/\/api.w.org\/{rel}","templated":true}]}}