{"id":15585,"date":"2013-05-22T17:53:02","date_gmt":"2013-05-22T15:53:02","guid":{"rendered":"http:\/\/www.malerdeck.de\/blog\/?p=15585"},"modified":"2014-08-14T12:47:04","modified_gmt":"2014-08-14T10:47:04","slug":"wie-ernst-ist-es-dieser-jungen-dame-mit-ihrer-eventuellen-bewerbung","status":"publish","type":"post","link":"https:\/\/www.malerdeck.de\/blog\/wie-ernst-ist-es-dieser-jungen-dame-mit-ihrer-eventuellen-bewerbung","title":{"rendered":"Wie ernst ist es dieser jungen Dame mit ihrer eventuellen Bewerbung?"},"content":{"rendered":"<p>Am vergangenen Donnerstag erhielt ich diese Email einer jungen Dame, die nach einem Ausbildungsplatz fragt.<\/p>\n<div id=\"attachment_15587\" style=\"width: 555px\" class=\"wp-caption aligncenter\"><a href=\"http:\/\/www.malerdeck.de\/blog\/wp-content\/uploads\/2013\/05\/Vor-Bewerbung.jpg\"><img loading=\"lazy\" decoding=\"async\" aria-describedby=\"caption-attachment-15587\" class=\"size-full wp-image-15587\" src=\"http:\/\/www.malerdeck.de\/blog\/wp-content\/uploads\/2013\/05\/Vor-Bewerbung.jpg\" alt=\"Frage nach einem Ausbildungsplatz\" width=\"545\" height=\"204\" srcset=\"https:\/\/www.malerdeck.de\/blog\/wp-content\/uploads\/2013\/05\/Vor-Bewerbung.jpg 545w, https:\/\/www.malerdeck.de\/blog\/wp-content\/uploads\/2013\/05\/Vor-Bewerbung-300x112.jpg 300w\" sizes=\"auto, (max-width: 545px) 100vw, 545px\" \/><\/a><p id=\"caption-attachment-15587\" class=\"wp-caption-text\">Frage nach einem Ausbildungsplatz<\/p><\/div>\n<p style=\"text-align: justify;\">\u00dcber Stil, Betreff, Anrede, fehlende Gr\u00fc\u00dfe etc., decke ich einmal gn\u00e4dig den Mantel der jugendlichen Unkenntnis. Wenn ich es auch nicht verstehe.<\/p>\n<p style=\"text-align: justify;\">Am Freitag antwortete ich der ach so interessierten jungen Dame.<\/p>\n<div id=\"attachment_15588\" style=\"width: 555px\" class=\"wp-caption aligncenter\"><a href=\"http:\/\/www.malerdeck.de\/blog\/wp-content\/uploads\/2013\/05\/Anwort-auf-Bewerbung.jpg\"><img loading=\"lazy\" decoding=\"async\" aria-describedby=\"caption-attachment-15588\" class=\"size-full wp-image-15588\" src=\"http:\/\/www.malerdeck.de\/blog\/wp-content\/uploads\/2013\/05\/Anwort-auf-Bewerbung.jpg\" alt=\"Bitte bewerben\" width=\"545\" height=\"249\" srcset=\"https:\/\/www.malerdeck.de\/blog\/wp-content\/uploads\/2013\/05\/Anwort-auf-Bewerbung.jpg 545w, https:\/\/www.malerdeck.de\/blog\/wp-content\/uploads\/2013\/05\/Anwort-auf-Bewerbung-300x137.jpg 300w\" sizes=\"auto, (max-width: 545px) 100vw, 545px\" \/><\/a><p id=\"caption-attachment-15588\" class=\"wp-caption-text\">Bitte eine Bewerbung schicken<\/p><\/div>\n<p style=\"text-align: justify;\">Heute ist Mittwoch. Zwischen meiner Antwort lag ein langes Wochenende, au\u00dferdem sind Pfingstferien. Viel Zeit also, um eine Bewerbung auf den Weg zu bringen, sollte man meinen.<\/p>\n<p style=\"text-align: justify;\">Bei der Anfrage und dem Interesse, h\u00e4tte ich eigentlich eine schnelle Bewerbung erwartet. Bisher ist nichts eingegangen. Ob noch eine Bewerbung kommt und wenn ja, wann? Ich bin gespannt.<\/p>\n<p><strong><em>Nachtrag am 3. August:<\/em><\/strong><\/p>\n<p>Von dieser jungen Dame h\u00f6rte ich nie mehr etwas. \ud83d\ude41<\/p>\n","protected":false},"excerpt":{"rendered":"<p>Am vergangenen Donnerstag erhielt ich diese Email einer jungen Dame, die nach einem Ausbildungsplatz fragt. \u00dcber Stil, Betreff, Anrede, fehlende Gr\u00fc\u00dfe etc., decke ich einmal gn\u00e4dig den Mantel der jugendlichen Unkenntnis. Wenn ich es auch nicht verstehe. Am Freitag antwortete ich der ach so interessierten jungen Dame. Heute ist Mittwoch. Zwischen meiner Antwort lag ein [&hellip;]<\/p>\n","protected":false},"author":2,"featured_media":0,"comment_status":"open","ping_status":"open","sticky":false,"template":"","format":"standard","meta":{"footnotes":""},"categories":[10],"tags":[57,34,613,2947,2743],"class_list":["post-15585","post","type-post","status-publish","format-standard","hentry","category-lehrlinge","tag-ausbildung","tag-azubi","tag-bewerbung","tag-lehrlinge","tag-lehrlingsbewerbung"],"_links":{"self":[{"href":"https:\/\/www.malerdeck.de\/blog\/wp-json\/wp\/v2\/posts\/15585","targetHints":{"allow":["GET"]}}],"collection":[{"href":"https:\/\/www.malerdeck.de\/blog\/wp-json\/wp\/v2\/posts"}],"about":[{"href":"https:\/\/www.malerdeck.de\/blog\/wp-json\/wp\/v2\/types\/post"}],"author":[{"embeddable":true,"href":"https:\/\/www.malerdeck.de\/blog\/wp-json\/wp\/v2\/users\/2"}],"replies":[{"embeddable":true,"href":"https:\/\/www.malerdeck.de\/blog\/wp-json\/wp\/v2\/comments?post=15585"}],"version-history":[{"count":10,"href":"https:\/\/www.malerdeck.de\/blog\/wp-json\/wp\/v2\/posts\/15585\/revisions"}],"predecessor-version":[{"id":24247,"href":"https:\/\/www.malerdeck.de\/blog\/wp-json\/wp\/v2\/posts\/15585\/revisions\/24247"}],"wp:attachment":[{"href":"https:\/\/www.malerdeck.de\/blog\/wp-json\/wp\/v2\/media?parent=15585"}],"wp:term":[{"taxonomy":"category","embeddable":true,"href":"https:\/\/www.malerdeck.de\/blog\/wp-json\/wp\/v2\/categories?post=15585"},{"taxonomy":"post_tag","embeddable":true,"href":"https:\/\/www.malerdeck.de\/blog\/wp-json\/wp\/v2\/tags?post=15585"}],"curies":[{"name":"wp","href":"https:\/\/api.w.org\/{rel}","templated":true}]}}