{"id":14040,"date":"2013-04-08T11:26:41","date_gmt":"2013-04-08T09:26:41","guid":{"rendered":"http:\/\/www.malerdeck.de\/blog\/?p=14040"},"modified":"2013-04-09T10:43:12","modified_gmt":"2013-04-09T08:43:12","slug":"durch-meinen-ausfall-vor-und-nach-meiner-op-aktuell-steuern-zwei-starke-frauen-mein-unternehmen-fast-alleine","status":"publish","type":"post","link":"https:\/\/www.malerdeck.de\/blog\/durch-meinen-ausfall-vor-und-nach-meiner-op-aktuell-steuern-zwei-starke-frauen-mein-unternehmen-fast-alleine","title":{"rendered":"Durch meinen Ausfall, vor und nach meiner OP: Aktuell steuern zwei starke Frauen mein Unternehmen fast alleine"},"content":{"rendered":"<div id=\"attachment_14042\" style=\"width: 145px\" class=\"wp-caption alignleft\"><a href=\"http:\/\/www.malerdeck.de\/blog\/wp-content\/uploads\/2013\/04\/Ingtraud-Vogelmann.jpg\"><img loading=\"lazy\" decoding=\"async\" aria-describedby=\"caption-attachment-14042\" class=\"size-full wp-image-14042\" alt=\"Ingtraud Vogelmann\" src=\"http:\/\/www.malerdeck.de\/blog\/wp-content\/uploads\/2013\/04\/Ingtraud-Vogelmann.jpg\" width=\"135\" height=\"148\" \/><\/a><p id=\"caption-attachment-14042\" class=\"wp-caption-text\">Ingtraud Vogelmann<\/p><\/div>\n<p>Seit <a href=\"http:\/\/www.malerdeck.de\/blog\/warum-dieses-sendepause-wegen-bandscheibenvorfall-krankenhausaufenthalt-und-operation\" target=\"_blank\">Beginn meines Krankenhausaufenthalts<\/a>, wird mein Unternehmen von zwei ganz starken Frauen gesteuert! Und das noch ca. vier Wochen lang, bis meine Reha abgeschlossen ist. Beide Frauen machen das unheimlich toll.<\/p>\n<p>Da ist meine Sekret\u00e4rin, <a href=\"http:\/\/www.malerdeck.de\/blog\/heute-12-jahre-bei-malerdeck-frau-ingtraud-vogelmann\" target=\"_blank\">Frau Vogelmann<\/a>, die selbstst\u00e4ndig den kompletten &#8222;Innendienst&#8220; und die Auftragsterminierung abwickelt.<\/p>\n<p style=\"text-align: justify;\">Dazu meine liebe Liebe, die seit meinem Krankenhausaufenthalt &#8211; und das von 0 auf 100 und f\u00fcr sie ganz selbstverst\u00e4ndlich (!) &#8211; Kundenanfragen beantwortet, akquiriert, Kundentermine wahrnimmt, Kunden in Ausf\u00fchrungs- und Gestaltungsfragen ber\u00e4t, ausmisst, Aufma\u00dfe erstellt, Massen zusammenstellt und Kundenanfragen beantwortet.<\/p>\n<p style=\"text-align: justify;\">Meine liebe Liebe bereitet mir dabei alles so &#8222;mundgerecht&#8220; vor, dass ich von Zuhause aus oder in kleinen Pausen w\u00e4hrend der Reha, die Angebote erstellen kann.\u00a0 Soviel Unterst\u00fctzung und Solidarit\u00e4t zu erfahren, ist unglaublich sch\u00f6n. Zudem eine tolle Leistung, von beiden Frauen.<\/p>\n<p>Es ist unglaublich, was meine Frau da f\u00fcr mich leistet! Ich kann Ihnen gar nicht sagen, wie sehr stolz ich auf meine liebe Liebe bin. Und wie unendlich dankbar. Gleiches gilt nat\u00fcrlich f\u00fcr meine Sekret\u00e4rin, Frau Vogelmann und alle Mitarbeiter\/innen!<\/p>\n<div id=\"attachment_14054\" style=\"width: 555px\" class=\"wp-caption aligncenter\"><a href=\"http:\/\/www.malerdeck.de\/blog\/wp-content\/uploads\/2013\/04\/Vielen-Dank-an-meine-liebe-Liebe.jpg\"><img loading=\"lazy\" decoding=\"async\" aria-describedby=\"caption-attachment-14054\" class=\"size-full wp-image-14054\" alt=\"Vielen Dank an meine liebe Liebe, auf die ich sehr stolz bin!\" src=\"http:\/\/www.malerdeck.de\/blog\/wp-content\/uploads\/2013\/04\/Vielen-Dank-an-meine-liebe-Liebe.jpg\" width=\"545\" height=\"219\" srcset=\"https:\/\/www.malerdeck.de\/blog\/wp-content\/uploads\/2013\/04\/Vielen-Dank-an-meine-liebe-Liebe.jpg 545w, https:\/\/www.malerdeck.de\/blog\/wp-content\/uploads\/2013\/04\/Vielen-Dank-an-meine-liebe-Liebe-300x120.jpg 300w\" sizes=\"auto, (max-width: 545px) 100vw, 545px\" \/><\/a><p id=\"caption-attachment-14054\" class=\"wp-caption-text\">Vielen Dank an meine liebe Liebe, auf die ich sehr stolz bin!<\/p><\/div>\n<p style=\"text-align: justify;\">Am Wochenende war unsere ganze Familie und viele Freunde zu Besuch, wir hatten etwas zu feieren. Diese Gelegenheit nutzte ich, um meiner Frau vor &#8222;versammelter Mannschaft&#8220; ganz herzlich f\u00fcr Ihre tolle Leistung zu danken und ihr zu sagen, wie sehr stolz ich auf Sie bin!<\/p>\n<p style=\"text-align: justify;\">Warum unkenntlich auf dem Bild, werden Sie sich fragen? Meine liebe Liebe will nicht \u00f6ffentlich\/internetm\u00e4\u00dfig erscheinen, was ich selbstverst\u00e4ndlich respektiere. In diesem Fall setze ich mich einmal dar\u00fcber hinweg, weil ich auch \u00f6ffentlich meinen Dank und meinen Stolz kundtun will.<\/p>\n<blockquote>\n<p style=\"text-align: justify;\"><em>Wenn Sie es erf\u00e4hrt, wird sie mich nat\u00fcrlich tadelnd und mit hochgezogenen Augenbrauen ansehen. Verraten Sie mich also bitte nicht!<\/em> \ud83d\ude09<\/p>\n<p style=\"text-align: justify;\">Mein geliebter Teenager, wenn Du das lie\u00dft, sei bitte nicht ganz arg sauer auf mich. Aber ich musste der Welt Deine unglaubliche Unterst\u00fctzung und meinen Stolz \u00fcber Deine tolle Leistungen mitteilen!<\/p>\n<\/blockquote>\n<p style=\"text-align: justify;\">Frau Vogelmann erh\u00e4lt heute im Verlauf des Tages diese\u00a0 Karte. Mit einem sch\u00f6nen Blumenstrau\u00df als Dankesch\u00f6n f\u00fcr ihre klasse Leistung. Den Strau\u00df kann ich leider nicht fotografieren, da dieser &#8211; von wem wohl? &#8211; von meiner lieben Liebe an Frau Vogelmann \u00fcberbracht wird.<\/p>\n<div id=\"attachment_14065\" style=\"width: 555px\" class=\"wp-caption aligncenter\"><a href=\"http:\/\/www.malerdeck.de\/blog\/wp-content\/uploads\/2013\/04\/Mein-Dank-an-Ingtraud-Vogelmann.jpg\"><img loading=\"lazy\" decoding=\"async\" aria-describedby=\"caption-attachment-14065\" class=\"size-full wp-image-14065\" alt=\"Vielen Dank f\u00fcr die Glanzleistung\" src=\"http:\/\/www.malerdeck.de\/blog\/wp-content\/uploads\/2013\/04\/Mein-Dank-an-Ingtraud-Vogelmann.jpg\" width=\"545\" height=\"406\" srcset=\"https:\/\/www.malerdeck.de\/blog\/wp-content\/uploads\/2013\/04\/Mein-Dank-an-Ingtraud-Vogelmann.jpg 545w, https:\/\/www.malerdeck.de\/blog\/wp-content\/uploads\/2013\/04\/Mein-Dank-an-Ingtraud-Vogelmann-300x223.jpg 300w\" sizes=\"auto, (max-width: 545px) 100vw, 545px\" \/><\/a><p id=\"caption-attachment-14065\" class=\"wp-caption-text\">Vielen Dank f\u00fcr die Glanzleistung<\/p><\/div>\n<p><em><strong>Nachtrag am 9. April:<\/strong><\/em><\/p>\n<p>Eben schickte mir Frau Vogelmann ein Bild der Blumen und bedankte sich ganz herzlich bei mir.<\/p>\n<div id=\"attachment_14138\" style=\"width: 442px\" class=\"wp-caption aligncenter\"><a href=\"http:\/\/www.malerdeck.de\/blog\/wp-content\/uploads\/2013\/04\/Blumen-als-Dankesch\u00f6n.jpg\"><img loading=\"lazy\" decoding=\"async\" aria-describedby=\"caption-attachment-14138\" class=\"size-full wp-image-14138 \" alt=\"Das Blumendankesch\u00f6n\" src=\"http:\/\/www.malerdeck.de\/blog\/wp-content\/uploads\/2013\/04\/Blumen-als-Dankesch\u00f6n.jpg\" width=\"432\" height=\"586\" srcset=\"https:\/\/www.malerdeck.de\/blog\/wp-content\/uploads\/2013\/04\/Blumen-als-Dankesch\u00f6n.jpg 432w, https:\/\/www.malerdeck.de\/blog\/wp-content\/uploads\/2013\/04\/Blumen-als-Dankesch\u00f6n-221x300.jpg 221w\" sizes=\"auto, (max-width: 432px) 100vw, 432px\" \/><\/a><p id=\"caption-attachment-14138\" class=\"wp-caption-text\">Das Blumendankesch\u00f6n<\/p><\/div>\n","protected":false},"excerpt":{"rendered":"<p>Seit Beginn meines Krankenhausaufenthalts, wird mein Unternehmen von zwei ganz starken Frauen gesteuert! Und das noch ca. vier Wochen lang, bis meine Reha abgeschlossen ist. Beide Frauen machen das unheimlich toll. Da ist meine Sekret\u00e4rin, Frau Vogelmann, die selbstst\u00e4ndig den kompletten &#8222;Innendienst&#8220; und die Auftragsterminierung abwickelt. Dazu meine liebe Liebe, die seit meinem Krankenhausaufenthalt &#8211; [&hellip;]<\/p>\n","protected":false},"author":2,"featured_media":0,"comment_status":"open","ping_status":"open","sticky":false,"template":"","format":"standard","meta":{"footnotes":""},"categories":[11,12,13],"tags":[240,672,1893,1928,1459],"class_list":["post-14040","post","type-post","status-publish","format-standard","hentry","category-mitarbeiter","category-organisation-und-unternehmensfuehrung","category-privates","tag-danke","tag-ingtraud-vogelmann","tag-krankenhaus","tag-liebe-liebe","tag-stolz"],"_links":{"self":[{"href":"https:\/\/www.malerdeck.de\/blog\/wp-json\/wp\/v2\/posts\/14040","targetHints":{"allow":["GET"]}}],"collection":[{"href":"https:\/\/www.malerdeck.de\/blog\/wp-json\/wp\/v2\/posts"}],"about":[{"href":"https:\/\/www.malerdeck.de\/blog\/wp-json\/wp\/v2\/types\/post"}],"author":[{"embeddable":true,"href":"https:\/\/www.malerdeck.de\/blog\/wp-json\/wp\/v2\/users\/2"}],"replies":[{"embeddable":true,"href":"https:\/\/www.malerdeck.de\/blog\/wp-json\/wp\/v2\/comments?post=14040"}],"version-history":[{"count":45,"href":"https:\/\/www.malerdeck.de\/blog\/wp-json\/wp\/v2\/posts\/14040\/revisions"}],"predecessor-version":[{"id":14082,"href":"https:\/\/www.malerdeck.de\/blog\/wp-json\/wp\/v2\/posts\/14040\/revisions\/14082"}],"wp:attachment":[{"href":"https:\/\/www.malerdeck.de\/blog\/wp-json\/wp\/v2\/media?parent=14040"}],"wp:term":[{"taxonomy":"category","embeddable":true,"href":"https:\/\/www.malerdeck.de\/blog\/wp-json\/wp\/v2\/categories?post=14040"},{"taxonomy":"post_tag","embeddable":true,"href":"https:\/\/www.malerdeck.de\/blog\/wp-json\/wp\/v2\/tags?post=14040"}],"curies":[{"name":"wp","href":"https:\/\/api.w.org\/{rel}","templated":true}]}}