{"id":13681,"date":"2013-05-07T21:04:11","date_gmt":"2013-05-07T19:04:11","guid":{"rendered":"http:\/\/www.malerdeck.de\/blog\/?p=13681"},"modified":"2014-01-11T16:04:23","modified_gmt":"2014-01-11T14:04:23","slug":"das-bereitet-mir-schon-lange-grosses-kopfzerbrechen-zeitaufwand-fuer-dankeschoen-fuer-gruesse-rt-und-ff","status":"publish","type":"post","link":"https:\/\/www.malerdeck.de\/blog\/das-bereitet-mir-schon-lange-grosses-kopfzerbrechen-zeitaufwand-fuer-dankeschoen-fuer-gruesse-rt-und-ff","title":{"rendered":"Das bereitet mir schon lange gro\u00dfes Kopfzerbrechen: Der Zeitaufwand f\u00fcr Dankesch\u00f6n f\u00fcr Gr\u00fc\u00dfe, #RT und #FF"},"content":{"rendered":"<h3 style=\"text-align: justify;\">(M)Ein Zeitproblem bei Social Media<\/h3>\n<p style=\"text-align: justify;\">H\u00f6flichkeit und Wertsch\u00e4tzung sind mir (u.a.) zwei wichtige Verhaltensweisen im Umgang mit anderen Menschen. So ist\/war es f\u00fcr mich von Anfang an auf allen Social Media Kan\u00e4len selbstverst\u00e4ndlich, mich f\u00fcr erhaltene Gr\u00fc\u00dfe, #RT und #FF\u00a0 jeweils zu bedanken. Bei den wenigen Kontakten zu Beginn meiner Social Media Zeit, war das auch \u00fcberhaupt kein Problem.<\/p>\n<div id=\"attachment_13686\" style=\"width: 143px\" class=\"wp-caption alignleft\"><a href=\"http:\/\/www.malerdeck.de\/blog\/wp-content\/uploads\/2013\/03\/Weiter-bedanken-oder-arbeiten.jpg\"><img loading=\"lazy\" decoding=\"async\" aria-describedby=\"caption-attachment-13686\" class=\"size-full wp-image-13686\" alt=\"Weiter h\u00f6flich bedanken?\" src=\"http:\/\/www.malerdeck.de\/blog\/wp-content\/uploads\/2013\/03\/Weiter-bedanken-oder-arbeiten.jpg\" width=\"133\" height=\"180\" \/><\/a><p id=\"caption-attachment-13686\" class=\"wp-caption-text\">Wie bringe ich zeitlich alles unter einen Hut?<\/p><\/div>\n<p style=\"text-align: justify;\">Zwischenzeitlich habe ich auf meinen verschiedenen Social Media Kan\u00e4len insgesamt \u00fcber ca. 40.000 Kontakte. Da erhalte ich t\u00e4glich zahlreiche Morgengr\u00fc\u00dfe, Tagesgr\u00fc\u00dfe, Abendgr\u00fc\u00dfe, Wochenendgr\u00fc\u00dfe und Wochenstartgr\u00fc\u00dfe. Nat\u00fcrlich auch immer #RT und #FF.<\/p>\n<p style=\"text-align: justify;\">\u00dcber alle diese Gr\u00fc\u00dfe und Aktivit\u00e4ten freue ich mich selbstverst\u00e4ndlich immer sehr. Wie gesagt, bedankte ich mich bisher immer beim jeweiligen Absender daf\u00fcr. Seit langer Zeit schon, steigt der Zeitaufwand f\u00fcr das Bedanken st\u00e4ndig weiter an.<\/p>\n<p style=\"text-align: justify;\">Diese selbstverst\u00e4ndliche H\u00f6flichkeit kann ich aus Zeitgr\u00fcnden leider nicht mehr leisten, da mein zeitlicher Aufwand f\u00fcr\u00b4s Bedanken durch die steigenden Kontakte\u00a0 ganz enorm angestiegen ist. Eine Tatsache, die mir die ganze Zeit schon erhebliches Kopfzerbrechen bereitet und mir schwer im Magen liegt.<\/p>\n<p style=\"text-align: justify;\">Selbst auf die Gefahr hin, k\u00fcnftig als Stoffel und unh\u00f6flicher Mensch eingestuft zu werden, kann ich aus besagten Zeitgr\u00fcnden meine Dankesantworten leider nicht mehr leisten.<\/p>\n<p style=\"text-align: justify;\">Ich bitte Sie deshalb sehr um Nachsicht und Verst\u00e4ndnis f\u00fcr meine Entscheidung. Selbstverst\u00e4ndlich freue ich mich weiter sehr \u00fcber Ihre Gr\u00fc\u00dfe, #RT und #FF \ud83d\ude42 . Und gelegentlich werde ich auch, wenn es zeitlich passt, darauf antworten.<\/p>\n","protected":false},"excerpt":{"rendered":"<p>(M)Ein Zeitproblem bei Social Media H\u00f6flichkeit und Wertsch\u00e4tzung sind mir (u.a.) zwei wichtige Verhaltensweisen im Umgang mit anderen Menschen. So ist\/war es f\u00fcr mich von Anfang an auf allen Social Media Kan\u00e4len selbstverst\u00e4ndlich, mich f\u00fcr erhaltene Gr\u00fc\u00dfe, #RT und #FF\u00a0 jeweils zu bedanken. Bei den wenigen Kontakten zu Beginn meiner Social Media Zeit, war das [&hellip;]<\/p>\n","protected":false},"author":2,"featured_media":0,"comment_status":"open","ping_status":"open","sticky":false,"template":"","format":"standard","meta":{"footnotes":""},"categories":[22],"tags":[240,2024,562,1889,2950,482,2025,1890],"class_list":["post-13681","post","type-post","status-publish","format-standard","hentry","category-social-media","tag-danke","tag-gruesse","tag-hoeflichkeit","tag-problem","tag-social-media","tag-wertschaetzung","tag-zeitaufwand","tag-zeitproblem"],"_links":{"self":[{"href":"https:\/\/www.malerdeck.de\/blog\/wp-json\/wp\/v2\/posts\/13681","targetHints":{"allow":["GET"]}}],"collection":[{"href":"https:\/\/www.malerdeck.de\/blog\/wp-json\/wp\/v2\/posts"}],"about":[{"href":"https:\/\/www.malerdeck.de\/blog\/wp-json\/wp\/v2\/types\/post"}],"author":[{"embeddable":true,"href":"https:\/\/www.malerdeck.de\/blog\/wp-json\/wp\/v2\/users\/2"}],"replies":[{"embeddable":true,"href":"https:\/\/www.malerdeck.de\/blog\/wp-json\/wp\/v2\/comments?post=13681"}],"version-history":[{"count":36,"href":"https:\/\/www.malerdeck.de\/blog\/wp-json\/wp\/v2\/posts\/13681\/revisions"}],"predecessor-version":[{"id":20970,"href":"https:\/\/www.malerdeck.de\/blog\/wp-json\/wp\/v2\/posts\/13681\/revisions\/20970"}],"wp:attachment":[{"href":"https:\/\/www.malerdeck.de\/blog\/wp-json\/wp\/v2\/media?parent=13681"}],"wp:term":[{"taxonomy":"category","embeddable":true,"href":"https:\/\/www.malerdeck.de\/blog\/wp-json\/wp\/v2\/categories?post=13681"},{"taxonomy":"post_tag","embeddable":true,"href":"https:\/\/www.malerdeck.de\/blog\/wp-json\/wp\/v2\/tags?post=13681"}],"curies":[{"name":"wp","href":"https:\/\/api.w.org\/{rel}","templated":true}]}}