{"id":12022,"date":"2012-12-19T13:58:13","date_gmt":"2012-12-19T11:58:13","guid":{"rendered":"http:\/\/www.malerdeck.de\/blog\/?p=12022"},"modified":"2012-12-19T13:58:13","modified_gmt":"2012-12-19T11:58:13","slug":"eigentuemer-kaufen-boden-im-baumarkt-die-hausverwaltung-sucht-fuer-dessen-verlegung-verzweifelt-einen-handwerker","status":"publish","type":"post","link":"https:\/\/www.malerdeck.de\/blog\/eigentuemer-kaufen-boden-im-baumarkt-die-hausverwaltung-sucht-fuer-dessen-verlegung-verzweifelt-einen-handwerker","title":{"rendered":"Eigent\u00fcmer kaufen Boden im Baumarkt. Die Hausverwaltung sucht f\u00fcr dessen Verlegung verzweifelt einen Handwerker"},"content":{"rendered":"<p>Eben der Anruf einer Hausverwaltung. Eine Verwalterfirma, mit der wir bisher noch nie zusammen gearbeitet haben.<\/p>\n<div id=\"attachment_12033\" style=\"width: 149px\" class=\"wp-caption alignleft\"><img loading=\"lazy\" decoding=\"async\" aria-describedby=\"caption-attachment-12033\" class=\"size-full wp-image-12033\" alt=\"Bodenbelag f\u00fcr Fahrstul\" src=\"http:\/\/www.malerdeck.de\/blog\/wp-content\/uploads\/2012\/12\/Bodenbelag-f\u00fcr-Fahrstul.jpg\" width=\"139\" height=\"137\" \/><p id=\"caption-attachment-12033\" class=\"wp-caption-text\">PVC-Belag in einem Fahrstuhl verlegen<\/p><\/div>\n<p style=\"text-align: justify;\">Die Frage war, ob wir kurzfristig ca. 2 m\u00b2 PVC-Boden in einem Fahrstuhl verlegen k\u00f6nnen. Der Boden ist\u00a0 vorhanden, da die Eigent\u00fcmergemeinschaft diesen bereits in einem Baumarkt (!!) gekauft hat. Meine ebenso eindeutige wie einsilbige Antwort war: &#8222;Nein.&#8220;<\/p>\n<p style=\"text-align: justify;\">&#8222;Das ist eine klare Aussage&#8220;, war die Antwort meines Gespr\u00e4chpartners von der Hausverwaltung. Er berichtete mir. dass er bereits bei allen Firmen,\u00a0 die er anrief, genau diese Auskunft bekommen hat.<\/p>\n<p style=\"text-align: justify;\">Die meisten h\u00e4tten ihm die gleiche Empfehlung gegeben, die auch ich ihm gab. Die Eigent\u00fcmergemeinschaft m\u00f6ge doch den Boden von der Firma verlegen lassen, bei dem sie ihn eingekauft hat.<\/p>\n<div id=\"attachment_12036\" style=\"width: 147px\" class=\"wp-caption alignright\"><img loading=\"lazy\" decoding=\"async\" aria-describedby=\"caption-attachment-12036\" class=\"size-full wp-image-12036\" alt=\"Baumarkt Regal\" src=\"http:\/\/www.malerdeck.de\/blog\/wp-content\/uploads\/2012\/12\/Baumarkt-Regal.jpg\" width=\"137\" height=\"204\" \/><p id=\"caption-attachment-12036\" class=\"wp-caption-text\">Einkauf im Baumarkt<\/p><\/div>\n<p style=\"text-align: justify;\">Dann noch die Frage ob ich jemanden wisse, der den Boden verlegt, was ich ebenfalls verneinte. Mit Dank und einem leicht verzweifelten Unterton in der Stimme, verabschiedete sich der Herr von der Hausverwaltung.<\/p>\n<p style=\"text-align: justify;\">Die Schlauberger der Eigent\u00fcmergemeinschaft kaufen einen billigen Boden im Baumarkt und suchen danach einen Handwerker, der den ebenso billig verlegt. Hallo? Kein vern\u00fcnftiger Handwerker wird das machen.<\/p>\n<p style=\"text-align: justify;\">Die Beanspruchung in einem Fahrstuhl, erfordert eine spezielle und sehr gute Qualit\u00e4t. Ob die in dieser Art im Baumarkt billig zu erhalten ist, entzieht sich meiner Kenntnis.<\/p>\n<p style=\"text-align: justify;\">Selbst bei Ablehnung der Gew\u00e4hrleistung, wird es k\u00fcnftig, mit hoher Wahrscheinlichkeit, dennoch zu Reklamationen kommen. Deshalb findet die Hausverwaltung auch keinen Handwerker. Recht so! \ud83d\ude41<\/p>\n<div id=\"attachment_12046\" style=\"width: 295px\" class=\"wp-caption aligncenter\"><img loading=\"lazy\" decoding=\"async\" aria-describedby=\"caption-attachment-12046\" class=\"size-full wp-image-12046\" alt=\"verzweifelter Anrufer\" src=\"http:\/\/www.malerdeck.de\/blog\/wp-content\/uploads\/2012\/12\/verzweifelter-Anrufer.jpg\" width=\"285\" height=\"378\" srcset=\"https:\/\/www.malerdeck.de\/blog\/wp-content\/uploads\/2012\/12\/verzweifelter-Anrufer.jpg 285w, https:\/\/www.malerdeck.de\/blog\/wp-content\/uploads\/2012\/12\/verzweifelter-Anrufer-226x300.jpg 226w\" sizes=\"auto, (max-width: 285px) 100vw, 285px\" \/><p id=\"caption-attachment-12046\" class=\"wp-caption-text\">Der schon ganz verzeifelte Hausverwalter<\/p><\/div>\n<p style=\"text-align: justify;\">Mein Schnitzel kaufe ich ja auch nicht billig beim Discounter, um es danach zur\u00a0 Zubereitung mit ins Restaurant zu bringen, um Geld zu sparen. \ud83d\ude41<\/p>\n","protected":false},"excerpt":{"rendered":"<p>Eben der Anruf einer Hausverwaltung. Eine Verwalterfirma, mit der wir bisher noch nie zusammen gearbeitet haben. Die Frage war, ob wir kurzfristig ca. 2 m\u00b2 PVC-Boden in einem Fahrstuhl verlegen k\u00f6nnen. Der Boden ist\u00a0 vorhanden, da die Eigent\u00fcmergemeinschaft diesen bereits in einem Baumarkt (!!) gekauft hat. Meine ebenso eindeutige wie einsilbige Antwort war: &#8222;Nein.&#8220; &#8222;Das [&hellip;]<\/p>\n","protected":false},"author":2,"featured_media":0,"comment_status":"open","ping_status":"open","sticky":false,"template":"","format":"standard","meta":{"footnotes":""},"categories":[14,17,37],"tags":[398,1705,1706,513,1707],"class_list":["post-12022","post","type-post","status-publish","format-standard","hentry","category-schraeges","category-strategie","category-wettbewerber","tag-baumarkt","tag-boden-verlegen","tag-eigentuemergemeinschaft","tag-hausverwaltung","tag-schlauberger"],"_links":{"self":[{"href":"https:\/\/www.malerdeck.de\/blog\/wp-json\/wp\/v2\/posts\/12022","targetHints":{"allow":["GET"]}}],"collection":[{"href":"https:\/\/www.malerdeck.de\/blog\/wp-json\/wp\/v2\/posts"}],"about":[{"href":"https:\/\/www.malerdeck.de\/blog\/wp-json\/wp\/v2\/types\/post"}],"author":[{"embeddable":true,"href":"https:\/\/www.malerdeck.de\/blog\/wp-json\/wp\/v2\/users\/2"}],"replies":[{"embeddable":true,"href":"https:\/\/www.malerdeck.de\/blog\/wp-json\/wp\/v2\/comments?post=12022"}],"version-history":[{"count":26,"href":"https:\/\/www.malerdeck.de\/blog\/wp-json\/wp\/v2\/posts\/12022\/revisions"}],"predecessor-version":[{"id":12052,"href":"https:\/\/www.malerdeck.de\/blog\/wp-json\/wp\/v2\/posts\/12022\/revisions\/12052"}],"wp:attachment":[{"href":"https:\/\/www.malerdeck.de\/blog\/wp-json\/wp\/v2\/media?parent=12022"}],"wp:term":[{"taxonomy":"category","embeddable":true,"href":"https:\/\/www.malerdeck.de\/blog\/wp-json\/wp\/v2\/categories?post=12022"},{"taxonomy":"post_tag","embeddable":true,"href":"https:\/\/www.malerdeck.de\/blog\/wp-json\/wp\/v2\/tags?post=12022"}],"curies":[{"name":"wp","href":"https:\/\/api.w.org\/{rel}","templated":true}]}}