{"id":11961,"date":"2012-12-18T16:28:57","date_gmt":"2012-12-18T14:28:57","guid":{"rendered":"http:\/\/www.malerdeck.de\/blog\/?p=11961"},"modified":"2012-12-18T16:28:57","modified_gmt":"2012-12-18T14:28:57","slug":"wir-verschenken-an-weihnachten-keine-nutzlosen-werbe-geschenke-mehr-stattdessen-helfen-macht-freude","status":"publish","type":"post","link":"https:\/\/www.malerdeck.de\/blog\/wir-verschenken-an-weihnachten-keine-nutzlosen-werbe-geschenke-mehr-stattdessen-helfen-macht-freude","title":{"rendered":"Wir verschenken an Weihnachten keine nutzlosen (Werbe-) Geschenke mehr. Stattdessen: Helfen macht Freude"},"content":{"rendered":"<p style=\"text-align: justify;\">Wer braucht an Weihnachten Weihnachtskarten oder nutzlose Werbegeschenke? Niemand, entschied ich schon 1993. Jeder hat sowieso schon alles. Und den 100. Kugelschreiber oder Kalender, braucht auch niemand.<\/p>\n<p style=\"text-align: justify;\">Seit 1993, verwende ich dieses Geld sinnvoller und sammle daf\u00fcr zus\u00e4tzlich bei meinen Opti-Maler-Partner, f\u00fcr meine Herzensangelegenheit: Notleidende, arme, kranke, missbrauchte, vertiebene oder einsame Kinder.<\/p>\n<p style=\"text-align: justify;\">Da ist seither ein ganz sch\u00f6ner Batzen Geld zusammen gekommen. <a href=\"http:\/\/www.malerdeck.de\/html\/soziales_engagement.html\" target=\"_blank\">Sehen Sie hier, wer bisher mit Spenden bedacht wurde<\/a>. Gestern verschickte ich diesen Brief an unsere Kunden und Gesch\u00e4ftspartner.<\/p>\n<div id=\"attachment_11967\" style=\"width: 555px\" class=\"wp-caption aligncenter\"><img loading=\"lazy\" decoding=\"async\" aria-describedby=\"caption-attachment-11967\" class=\"size-full wp-image-11967\" alt=\"Helfen macht Freude\" src=\"http:\/\/www.malerdeck.de\/blog\/wp-content\/uploads\/2012\/12\/Spende-Hilfe-f\u00fcr-Kinder.jpg\" width=\"545\" height=\"796\" srcset=\"https:\/\/www.malerdeck.de\/blog\/wp-content\/uploads\/2012\/12\/Spende-Hilfe-f\u00fcr-Kinder.jpg 545w, https:\/\/www.malerdeck.de\/blog\/wp-content\/uploads\/2012\/12\/Spende-Hilfe-f\u00fcr-Kinder-205x300.jpg 205w\" sizes=\"auto, (max-width: 545px) 100vw, 545px\" \/><p id=\"caption-attachment-11967\" class=\"wp-caption-text\">Helfen macht Freude<\/p><\/div>\n<p style=\"text-align: justify;\">Bis zum 17. Januar 2013, kommen vielleicht noch ein paar Euro mehr, als die avisierten \u20ac 13.000,&#8211; zusammen.<\/p>\n","protected":false},"excerpt":{"rendered":"<p>Wer braucht an Weihnachten Weihnachtskarten oder nutzlose Werbegeschenke? Niemand, entschied ich schon 1993. Jeder hat sowieso schon alles. Und den 100. Kugelschreiber oder Kalender, braucht auch niemand. Seit 1993, verwende ich dieses Geld sinnvoller und sammle daf\u00fcr zus\u00e4tzlich bei meinen Opti-Maler-Partner, f\u00fcr meine Herzensangelegenheit: Notleidende, arme, kranke, missbrauchte, vertiebene oder einsame Kinder. Da ist seither [&hellip;]<\/p>\n","protected":false},"author":2,"featured_media":0,"comment_status":"open","ping_status":"open","sticky":false,"template":"","format":"standard","meta":{"footnotes":""},"categories":[16],"tags":[1696,1695,103,1697,1698,511,1694],"class_list":["post-11961","post","type-post","status-publish","format-standard","hentry","category-soziales","tag-geschenke","tag-kalender","tag-kinder","tag-kinderhilfe","tag-mcdonalds","tag-spende","tag-weihnachtsgruesse"],"_links":{"self":[{"href":"https:\/\/www.malerdeck.de\/blog\/wp-json\/wp\/v2\/posts\/11961","targetHints":{"allow":["GET"]}}],"collection":[{"href":"https:\/\/www.malerdeck.de\/blog\/wp-json\/wp\/v2\/posts"}],"about":[{"href":"https:\/\/www.malerdeck.de\/blog\/wp-json\/wp\/v2\/types\/post"}],"author":[{"embeddable":true,"href":"https:\/\/www.malerdeck.de\/blog\/wp-json\/wp\/v2\/users\/2"}],"replies":[{"embeddable":true,"href":"https:\/\/www.malerdeck.de\/blog\/wp-json\/wp\/v2\/comments?post=11961"}],"version-history":[{"count":10,"href":"https:\/\/www.malerdeck.de\/blog\/wp-json\/wp\/v2\/posts\/11961\/revisions"}],"predecessor-version":[{"id":11972,"href":"https:\/\/www.malerdeck.de\/blog\/wp-json\/wp\/v2\/posts\/11961\/revisions\/11972"}],"wp:attachment":[{"href":"https:\/\/www.malerdeck.de\/blog\/wp-json\/wp\/v2\/media?parent=11961"}],"wp:term":[{"taxonomy":"category","embeddable":true,"href":"https:\/\/www.malerdeck.de\/blog\/wp-json\/wp\/v2\/categories?post=11961"},{"taxonomy":"post_tag","embeddable":true,"href":"https:\/\/www.malerdeck.de\/blog\/wp-json\/wp\/v2\/tags?post=11961"}],"curies":[{"name":"wp","href":"https:\/\/api.w.org\/{rel}","templated":true}]}}