{"id":11487,"date":"2011-06-08T12:00:53","date_gmt":"2011-06-08T10:00:53","guid":{"rendered":"http:\/\/www.malerdeck.de\/blog\/?p=11487"},"modified":"2013-01-23T06:23:11","modified_gmt":"2013-01-23T04:23:11","slug":"malerdeck-als-werte-beispiel-im-impulsvortrag-von-herbert-michler","status":"publish","type":"post","link":"https:\/\/www.malerdeck.de\/blog\/malerdeck-als-werte-beispiel-im-impulsvortrag-von-herbert-michler","title":{"rendered":"malerdeck als Werte-Beispiel, im Impulsvortrag von Herbert Michler"},"content":{"rendered":"<p style=\"text-align: justify;\">Zum Thema \u201cWerteorientierte Unternehmensf\u00fchrung &#8211; Mode oder Chance?\u201d, m\u00f6chte mich der <a href=\"http:\/\/www.querdenkershop.de\/\" target=\"_blank\">Unternehmensberater Herbert Michler <\/a>als Beispiel vorstellen. Hier seine Anfrage, die heute bei der Post war:<\/p>\n<div id=\"attachment_11488\" style=\"width: 552px\" class=\"wp-caption aligncenter\"><a href=\"http:\/\/www.malerdeck.de\/blog\/wp-content\/uploads\/2012\/12\/Heutige-Anfrage-von-Herbert-Michler.jpg\"><img loading=\"lazy\" decoding=\"async\" aria-describedby=\"caption-attachment-11488\" class=\"size-full wp-image-11488\" title=\"Heutige Anfrage von Herbert Michler\" alt=\"\" src=\"http:\/\/www.malerdeck.de\/blog\/wp-content\/uploads\/2012\/12\/Heutige-Anfrage-von-Herbert-Michler.jpg\" width=\"542\" height=\"869\" srcset=\"https:\/\/www.malerdeck.de\/blog\/wp-content\/uploads\/2012\/12\/Heutige-Anfrage-von-Herbert-Michler.jpg 542w, https:\/\/www.malerdeck.de\/blog\/wp-content\/uploads\/2012\/12\/Heutige-Anfrage-von-Herbert-Michler-187x300.jpg 187w\" sizes=\"auto, (max-width: 542px) 100vw, 542px\" \/><\/a><p id=\"caption-attachment-11488\" class=\"wp-caption-text\">Heutige Anfrage von Herbert Michler<\/p><\/div>\n<div id=\"attachment_11490\" style=\"width: 451px\" class=\"wp-caption aligncenter\"><a href=\"http:\/\/www.herbertmichler.de\/\/\" target=\"_blank\"><img loading=\"lazy\" decoding=\"async\" aria-describedby=\"caption-attachment-11490\" class=\"size-full wp-image-11490\" title=\"blog-werteorientierte-unternehmensfuhrung\" alt=\"\" src=\"http:\/\/www.malerdeck.de\/blog\/wp-content\/uploads\/2012\/12\/blog-werteorientierte-unternehmensfuhrung1.jpg\" width=\"441\" height=\"335\" srcset=\"https:\/\/www.malerdeck.de\/blog\/wp-content\/uploads\/2012\/12\/blog-werteorientierte-unternehmensfuhrung1.jpg 441w, https:\/\/www.malerdeck.de\/blog\/wp-content\/uploads\/2012\/12\/blog-werteorientierte-unternehmensfuhrung1-300x227.jpg 300w\" sizes=\"auto, (max-width: 441px) 100vw, 441px\" \/><\/a><p id=\"caption-attachment-11490\" class=\"wp-caption-text\">Werteorientierte Unternehmensf\u00fchrung<\/p><\/div>\n<p style=\"text-align: justify;\" align=\"left\">Nat\u00fcrlich habe ich Herrn Michler dazu mein Einverst\u00e4ndnis gegeben. Werte wie Respekt, Mut, Vertrauen und Wertsch\u00e4tzung sind es auf jeden Fall wert, mannigfach verfielf\u00e4ltigt zu werden.<\/p>\n","protected":false},"excerpt":{"rendered":"<p>Zum Thema \u201cWerteorientierte Unternehmensf\u00fchrung &#8211; Mode oder Chance?\u201d, m\u00f6chte mich der Unternehmensberater Herbert Michler als Beispiel vorstellen. Hier seine Anfrage, die heute bei der Post war: Nat\u00fcrlich habe ich Herrn Michler dazu mein Einverst\u00e4ndnis gegeben. Werte wie Respekt, Mut, Vertrauen und Wertsch\u00e4tzung sind es auf jeden Fall wert, mannigfach verfielf\u00e4ltigt zu werden.<\/p>\n","protected":false},"author":2,"featured_media":0,"comment_status":"open","ping_status":"open","sticky":false,"template":"","format":"standard","meta":{"footnotes":""},"categories":[22],"tags":[1306,1740,1741,2950,1742],"class_list":["post-11487","post","type-post","status-publish","format-standard","hentry","category-social-media","tag-artikel-interview","tag-herbert-michler","tag-impulsvortrag","tag-social-media","tag-werte-beispiel"],"_links":{"self":[{"href":"https:\/\/www.malerdeck.de\/blog\/wp-json\/wp\/v2\/posts\/11487","targetHints":{"allow":["GET"]}}],"collection":[{"href":"https:\/\/www.malerdeck.de\/blog\/wp-json\/wp\/v2\/posts"}],"about":[{"href":"https:\/\/www.malerdeck.de\/blog\/wp-json\/wp\/v2\/types\/post"}],"author":[{"embeddable":true,"href":"https:\/\/www.malerdeck.de\/blog\/wp-json\/wp\/v2\/users\/2"}],"replies":[{"embeddable":true,"href":"https:\/\/www.malerdeck.de\/blog\/wp-json\/wp\/v2\/comments?post=11487"}],"version-history":[{"count":4,"href":"https:\/\/www.malerdeck.de\/blog\/wp-json\/wp\/v2\/posts\/11487\/revisions"}],"predecessor-version":[{"id":12419,"href":"https:\/\/www.malerdeck.de\/blog\/wp-json\/wp\/v2\/posts\/11487\/revisions\/12419"}],"wp:attachment":[{"href":"https:\/\/www.malerdeck.de\/blog\/wp-json\/wp\/v2\/media?parent=11487"}],"wp:term":[{"taxonomy":"category","embeddable":true,"href":"https:\/\/www.malerdeck.de\/blog\/wp-json\/wp\/v2\/categories?post=11487"},{"taxonomy":"post_tag","embeddable":true,"href":"https:\/\/www.malerdeck.de\/blog\/wp-json\/wp\/v2\/tags?post=11487"}],"curies":[{"name":"wp","href":"https:\/\/api.w.org\/{rel}","templated":true}]}}