{"id":11385,"date":"2012-12-09T18:19:45","date_gmt":"2012-12-09T16:19:45","guid":{"rendered":"http:\/\/www.malerdeck.de\/blog\/?p=11385"},"modified":"2012-12-09T18:20:31","modified_gmt":"2012-12-09T16:20:31","slug":"mit-seinem-hund-erlebt-man-viele-schoene-dinge-und-freut-sich-an-der-wunderbaren-natur","status":"publish","type":"post","link":"https:\/\/www.malerdeck.de\/blog\/mit-seinem-hund-erlebt-man-viele-schoene-dinge-und-freut-sich-an-der-wunderbaren-natur","title":{"rendered":"Mit seinem Hund, erlebt man viele sch\u00f6ne Dinge und freut sich an der wunderbaren Natur"},"content":{"rendered":"<p style=\"text-align: justify;\">Alle Menschen mit Hund, werden mir vielleicht zustimmen. Man muss zwar mehrfach am Tag mit seinem Vierbeiner raus, erlebt aber dadurch auch viele sehr sch\u00f6ne Dinge. So wie am gestrigen Samstag, zum Beispiel.<\/p>\n<p style=\"text-align: justify;\">Um ca. 7:15 Uhr, sind wir gestartet und raus auf\u00b4s Feld gefahren. Da war es noch dunkel.<\/p>\n<div id=\"attachment_11386\" style=\"width: 555px\" class=\"wp-caption aligncenter\"><a href=\"http:\/\/www.malerdeck.de\/blog\/wp-content\/uploads\/2012\/12\/Start-im-Auto-zur-Gassirunde.jpg\"><img loading=\"lazy\" decoding=\"async\" aria-describedby=\"caption-attachment-11386\" class=\"size-full wp-image-11386\" title=\"Start im Auto zur Gassirunde\" src=\"http:\/\/www.malerdeck.de\/blog\/wp-content\/uploads\/2012\/12\/Start-im-Auto-zur-Gassirunde.jpg\" alt=\"\" width=\"545\" height=\"308\" srcset=\"https:\/\/www.malerdeck.de\/blog\/wp-content\/uploads\/2012\/12\/Start-im-Auto-zur-Gassirunde.jpg 545w, https:\/\/www.malerdeck.de\/blog\/wp-content\/uploads\/2012\/12\/Start-im-Auto-zur-Gassirunde-300x169.jpg 300w\" sizes=\"auto, (max-width: 545px) 100vw, 545px\" \/><\/a><p id=\"caption-attachment-11386\" class=\"wp-caption-text\">Gandhi und ich, auf dem Start zur Gassirunde<\/p><\/div>\n<p>Der Blitz reichte nicht bis zu Ganhdi.<\/p>\n<div id=\"attachment_11387\" style=\"width: 555px\" class=\"wp-caption aligncenter\"><a href=\"http:\/\/www.malerdeck.de\/blog\/wp-content\/uploads\/2012\/12\/Start-auf-dem-Feld-zur-Gassirunde.jpg\"><img loading=\"lazy\" decoding=\"async\" aria-describedby=\"caption-attachment-11387\" class=\"size-full wp-image-11387\" title=\"Start auf dem Feld zur Gassirunde\" src=\"http:\/\/www.malerdeck.de\/blog\/wp-content\/uploads\/2012\/12\/Start-auf-dem-Feld-zur-Gassirunde.jpg\" alt=\"\" width=\"545\" height=\"363\" srcset=\"https:\/\/www.malerdeck.de\/blog\/wp-content\/uploads\/2012\/12\/Start-auf-dem-Feld-zur-Gassirunde.jpg 545w, https:\/\/www.malerdeck.de\/blog\/wp-content\/uploads\/2012\/12\/Start-auf-dem-Feld-zur-Gassirunde-300x199.jpg 300w\" sizes=\"auto, (max-width: 545px) 100vw, 545px\" \/><\/a><p id=\"caption-attachment-11387\" class=\"wp-caption-text\">Gandhi ist schon einmal voraus geeilt<\/p><\/div>\n<p>Kurz darauf, ging die Sonne auf und es wurde langsam hell. Und der Mond wechselte sich mit der Sonne ab.<\/p>\n<div id=\"attachment_11391\" style=\"width: 555px\" class=\"wp-caption aligncenter\"><a href=\"http:\/\/www.malerdeck.de\/blog\/wp-content\/uploads\/2012\/12\/Sch\u00f6ner-Morgen-bei-Gassirunde.jpg\"><img loading=\"lazy\" decoding=\"async\" aria-describedby=\"caption-attachment-11391\" class=\"size-full wp-image-11391\" title=\"Sch\u00f6ner Morgen bei Gassirunde\" src=\"http:\/\/www.malerdeck.de\/blog\/wp-content\/uploads\/2012\/12\/Sch\u00f6ner-Morgen-bei-Gassirunde.jpg\" alt=\"\" width=\"545\" height=\"409\" srcset=\"https:\/\/www.malerdeck.de\/blog\/wp-content\/uploads\/2012\/12\/Sch\u00f6ner-Morgen-bei-Gassirunde.jpg 545w, https:\/\/www.malerdeck.de\/blog\/wp-content\/uploads\/2012\/12\/Sch\u00f6ner-Morgen-bei-Gassirunde-300x225.jpg 300w\" sizes=\"auto, (max-width: 545px) 100vw, 545px\" \/><\/a><p id=\"caption-attachment-11391\" class=\"wp-caption-text\">Ein wunderbarer Tag beginnt<\/p><\/div>\n<p style=\"text-align: justify;\">W\u00e4hrend Gandhi sich weiter vorne im Schnee tummelt, sehe ich am Waldesrand, in ca. 150 Meter Entfernung, pl\u00f6tzlich zwei Rehe. Als h\u00e4tte ich so etwas geahnt, nahm ich an diesem Morgen, was ich sonst nicht mache, meine normale Kamera mit. Mit der Handykamera h\u00e4tte ich diese Bilder nicht machen k\u00f6nnen. Aber mit meiner &#8222;normalen&#8220; Kamera konnte ich die Rehe gut herzoomen.<\/p>\n<p style=\"text-align: justify;\">Offensichtlich waren Gandhi und wir weit genug weg und der Wind stand sicher g\u00fcnstig, sonst h\u00e4tten mir die beiden Rehe bestimmt nicht so viel Zeit zum Fotografieren gelassen.<\/p>\n<div id=\"attachment_11397\" style=\"width: 555px\" class=\"wp-caption aligncenter\"><a href=\"http:\/\/www.malerdeck.de\/blog\/wp-content\/uploads\/2012\/12\/Zwei-Rehe-auf-dem-Feld-bei-Gassirunde.jpg\"><img loading=\"lazy\" decoding=\"async\" aria-describedby=\"caption-attachment-11397\" class=\"size-full wp-image-11397\" title=\"Zwei Rehe auf dem Feld bei Gassirunde\" src=\"http:\/\/www.malerdeck.de\/blog\/wp-content\/uploads\/2012\/12\/Zwei-Rehe-auf-dem-Feld-bei-Gassirunde.jpg\" alt=\"\" width=\"545\" height=\"345\" srcset=\"https:\/\/www.malerdeck.de\/blog\/wp-content\/uploads\/2012\/12\/Zwei-Rehe-auf-dem-Feld-bei-Gassirunde.jpg 545w, https:\/\/www.malerdeck.de\/blog\/wp-content\/uploads\/2012\/12\/Zwei-Rehe-auf-dem-Feld-bei-Gassirunde-300x189.jpg 300w\" sizes=\"auto, (max-width: 545px) 100vw, 545px\" \/><\/a><p id=\"caption-attachment-11397\" class=\"wp-caption-text\">Misstrauisch \u00e4ugen die Rehe in meine Richtung<\/p><\/div>\n<div id=\"attachment_11399\" style=\"width: 555px\" class=\"wp-caption aligncenter\"><a href=\"http:\/\/www.malerdeck.de\/blog\/wp-content\/uploads\/2012\/12\/zwei-Rehe-am-Morgen.jpg\"><img loading=\"lazy\" decoding=\"async\" aria-describedby=\"caption-attachment-11399\" class=\"size-full wp-image-11399\" title=\"zwei Rehe am Morgen\" src=\"http:\/\/www.malerdeck.de\/blog\/wp-content\/uploads\/2012\/12\/zwei-Rehe-am-Morgen.jpg\" alt=\"\" width=\"545\" height=\"367\" srcset=\"https:\/\/www.malerdeck.de\/blog\/wp-content\/uploads\/2012\/12\/zwei-Rehe-am-Morgen.jpg 545w, https:\/\/www.malerdeck.de\/blog\/wp-content\/uploads\/2012\/12\/zwei-Rehe-am-Morgen-300x202.jpg 300w\" sizes=\"auto, (max-width: 545px) 100vw, 545px\" \/><\/a><p id=\"caption-attachment-11399\" class=\"wp-caption-text\">Zwei Rehe am Morgen, das kann man mit einem Hund erleben<\/p><\/div>\n<p>Der gestrige Samstag war ja ein richtiger Sonnentag, jedenfalls bei uns. Und am sp\u00e4ten Nachmittag, machte ich dann diese Bilder.<\/p>\n<div id=\"attachment_11404\" style=\"width: 555px\" class=\"wp-caption aligncenter\"><a href=\"http:\/\/www.malerdeck.de\/blog\/wp-content\/uploads\/2012\/12\/Was-f\u00fcr-ein-Empfang.jpg\"><img loading=\"lazy\" decoding=\"async\" aria-describedby=\"caption-attachment-11404\" class=\"size-full wp-image-11404\" title=\"Was f\u00fcr ein Empfang\" src=\"http:\/\/www.malerdeck.de\/blog\/wp-content\/uploads\/2012\/12\/Was-f\u00fcr-ein-Empfang.jpg\" alt=\"\" width=\"545\" height=\"203\" srcset=\"https:\/\/www.malerdeck.de\/blog\/wp-content\/uploads\/2012\/12\/Was-f\u00fcr-ein-Empfang.jpg 545w, https:\/\/www.malerdeck.de\/blog\/wp-content\/uploads\/2012\/12\/Was-f\u00fcr-ein-Empfang-300x111.jpg 300w\" sizes=\"auto, (max-width: 545px) 100vw, 545px\" \/><\/a><p id=\"caption-attachment-11404\" class=\"wp-caption-text\">Was f\u00fcr ein Empfang auf dem Feld<\/p><\/div>\n<div id=\"attachment_11406\" style=\"width: 555px\" class=\"wp-caption aligncenter\"><a href=\"http:\/\/www.malerdeck.de\/blog\/wp-content\/uploads\/2012\/12\/Was-ist-los.jpg\"><img loading=\"lazy\" decoding=\"async\" aria-describedby=\"caption-attachment-11406\" class=\"size-full wp-image-11406\" title=\"Was ist los\" src=\"http:\/\/www.malerdeck.de\/blog\/wp-content\/uploads\/2012\/12\/Was-ist-los.jpg\" alt=\"\" width=\"545\" height=\"377\" srcset=\"https:\/\/www.malerdeck.de\/blog\/wp-content\/uploads\/2012\/12\/Was-ist-los.jpg 545w, https:\/\/www.malerdeck.de\/blog\/wp-content\/uploads\/2012\/12\/Was-ist-los-300x207.jpg 300w\" sizes=\"auto, (max-width: 545px) 100vw, 545px\" \/><\/a><p id=\"caption-attachment-11406\" class=\"wp-caption-text\">Was ist los?<\/p><\/div>\n<div id=\"attachment_11408\" style=\"width: 555px\" class=\"wp-caption aligncenter\"><a href=\"http:\/\/www.malerdeck.de\/blog\/wp-content\/uploads\/2012\/12\/Gandhi-hat-einen-Stock-gefunden.jpg\"><img loading=\"lazy\" decoding=\"async\" aria-describedby=\"caption-attachment-11408\" class=\"size-full wp-image-11408\" title=\"Gandhi hat einen Stock gefunden\" src=\"http:\/\/www.malerdeck.de\/blog\/wp-content\/uploads\/2012\/12\/Gandhi-hat-einen-Stock-gefunden.jpg\" alt=\"\" width=\"545\" height=\"406\" srcset=\"https:\/\/www.malerdeck.de\/blog\/wp-content\/uploads\/2012\/12\/Gandhi-hat-einen-Stock-gefunden.jpg 545w, https:\/\/www.malerdeck.de\/blog\/wp-content\/uploads\/2012\/12\/Gandhi-hat-einen-Stock-gefunden-300x223.jpg 300w\" sizes=\"auto, (max-width: 545px) 100vw, 545px\" \/><\/a><p id=\"caption-attachment-11408\" class=\"wp-caption-text\">Gandhi hat einen Stock gefunden, ein treffliches Spielzeug<\/p><\/div>\n<div id=\"attachment_11410\" style=\"width: 555px\" class=\"wp-caption aligncenter\"><a href=\"http:\/\/www.malerdeck.de\/blog\/wp-content\/uploads\/2012\/12\/Gandhi-w\u00e4lzt-sich-im-Schnee.jpg\"><img loading=\"lazy\" decoding=\"async\" aria-describedby=\"caption-attachment-11410\" class=\"size-full wp-image-11410\" title=\"Gandhi w\u00e4lzt sich im Schnee\" src=\"http:\/\/www.malerdeck.de\/blog\/wp-content\/uploads\/2012\/12\/Gandhi-w\u00e4lzt-sich-im-Schnee.jpg\" alt=\"\" width=\"545\" height=\"440\" srcset=\"https:\/\/www.malerdeck.de\/blog\/wp-content\/uploads\/2012\/12\/Gandhi-w\u00e4lzt-sich-im-Schnee.jpg 545w, https:\/\/www.malerdeck.de\/blog\/wp-content\/uploads\/2012\/12\/Gandhi-w\u00e4lzt-sich-im-Schnee-300x242.jpg 300w\" sizes=\"auto, (max-width: 545px) 100vw, 545px\" \/><\/a><p id=\"caption-attachment-11410\" class=\"wp-caption-text\">Sich im Schnee zu w\u00e4lzen, ist eine klasse Sache<\/p><\/div>\n<div id=\"attachment_11412\" style=\"width: 555px\" class=\"wp-caption aligncenter\"><a href=\"http:\/\/www.malerdeck.de\/blog\/wp-content\/uploads\/2012\/12\/Sonnenuntergang-mit-Hund.jpg\"><img loading=\"lazy\" decoding=\"async\" aria-describedby=\"caption-attachment-11412\" class=\"size-full wp-image-11412\" title=\"Sonnenuntergang mit Hund\" src=\"http:\/\/www.malerdeck.de\/blog\/wp-content\/uploads\/2012\/12\/Sonnenuntergang-mit-Hund.jpg\" alt=\"\" width=\"545\" height=\"409\" srcset=\"https:\/\/www.malerdeck.de\/blog\/wp-content\/uploads\/2012\/12\/Sonnenuntergang-mit-Hund.jpg 545w, https:\/\/www.malerdeck.de\/blog\/wp-content\/uploads\/2012\/12\/Sonnenuntergang-mit-Hund-300x225.jpg 300w\" sizes=\"auto, (max-width: 545px) 100vw, 545px\" \/><\/a><p id=\"caption-attachment-11412\" class=\"wp-caption-text\">Sonnenuntergang mit &#8230;<\/p><\/div>\n<div id=\"attachment_11413\" style=\"width: 555px\" class=\"wp-caption aligncenter\"><a href=\"http:\/\/www.malerdeck.de\/blog\/wp-content\/uploads\/2012\/12\/Sonnenuntergang-ohne-Hund.jpg\"><img loading=\"lazy\" decoding=\"async\" aria-describedby=\"caption-attachment-11413\" class=\"size-full wp-image-11413\" title=\"Sonnenuntergang ohne Hund\" src=\"http:\/\/www.malerdeck.de\/blog\/wp-content\/uploads\/2012\/12\/Sonnenuntergang-ohne-Hund.jpg\" alt=\"\" width=\"545\" height=\"409\" srcset=\"https:\/\/www.malerdeck.de\/blog\/wp-content\/uploads\/2012\/12\/Sonnenuntergang-ohne-Hund.jpg 545w, https:\/\/www.malerdeck.de\/blog\/wp-content\/uploads\/2012\/12\/Sonnenuntergang-ohne-Hund-300x225.jpg 300w\" sizes=\"auto, (max-width: 545px) 100vw, 545px\" \/><\/a><p id=\"caption-attachment-11413\" class=\"wp-caption-text\">&#8230; und ohne Hund<\/p><\/div>\n<div id=\"attachment_11414\" style=\"width: 555px\" class=\"wp-caption aligncenter\"><a href=\"http:\/\/www.malerdeck.de\/blog\/wp-content\/uploads\/2012\/12\/Geht-es-jetzt-nach-hause.jpg\"><img loading=\"lazy\" decoding=\"async\" aria-describedby=\"caption-attachment-11414\" class=\"size-full wp-image-11414\" title=\"Geht es jetzt nach hause\" src=\"http:\/\/www.malerdeck.de\/blog\/wp-content\/uploads\/2012\/12\/Geht-es-jetzt-nach-hause.jpg\" alt=\"\" width=\"545\" height=\"459\" srcset=\"https:\/\/www.malerdeck.de\/blog\/wp-content\/uploads\/2012\/12\/Geht-es-jetzt-nach-hause.jpg 545w, https:\/\/www.malerdeck.de\/blog\/wp-content\/uploads\/2012\/12\/Geht-es-jetzt-nach-hause-300x252.jpg 300w\" sizes=\"auto, (max-width: 545px) 100vw, 545px\" \/><\/a><p id=\"caption-attachment-11414\" class=\"wp-caption-text\">Geht es jetzt nach Hause?<\/p><\/div>\n<p style=\"text-align: justify;\">Ja, die Sonne ist gleich weg und es ist bereits wieder deutlich k\u00e4lter geworden. Noch ein &#8222;Abschiedsbild&#8220; und dann ab nach Hause, in\u00b4s Warme.<\/p>\n<div id=\"attachment_11415\" style=\"width: 555px\" class=\"wp-caption aligncenter\"><a href=\"http:\/\/www.malerdeck.de\/blog\/wp-content\/uploads\/2012\/12\/Abschiedsfoto-und-ab-nach-hause.jpg\"><img loading=\"lazy\" decoding=\"async\" aria-describedby=\"caption-attachment-11415\" class=\"size-full wp-image-11415\" title=\"Abschiedsfoto und ab nach hause\" src=\"http:\/\/www.malerdeck.de\/blog\/wp-content\/uploads\/2012\/12\/Abschiedsfoto-und-ab-nach-hause.jpg\" alt=\"\" width=\"545\" height=\"409\" srcset=\"https:\/\/www.malerdeck.de\/blog\/wp-content\/uploads\/2012\/12\/Abschiedsfoto-und-ab-nach-hause.jpg 545w, https:\/\/www.malerdeck.de\/blog\/wp-content\/uploads\/2012\/12\/Abschiedsfoto-und-ab-nach-hause-300x225.jpg 300w\" sizes=\"auto, (max-width: 545px) 100vw, 545px\" \/><\/a><p id=\"caption-attachment-11415\" class=\"wp-caption-text\">&#8222;Abschiedsfoto&#8220; und gleich nach Hause<\/p><\/div>\n<p style=\"text-align: justify;\">Das kann man selbstverst\u00e4ndlich auch alles ohne Hund erleben. Aber mit Hund, ist die Wahrscheinlichkeit etwas h\u00f6her oder? Was meinen die Hundehalter?<\/p>\n<p style=\"text-align: justify;\">Und heute, am Sonntag, zeigte sich das Wetter und die Natur von einer ganz anderen Seite. Grau in grau, kalter Wind, dass mir fast die Ohren abfroren und teilweise starkes Schneetreiben. Einem Hund ist das selbstverst\u00e4ndlich vollkommen egal.<\/p>\n<div id=\"attachment_11424\" style=\"width: 555px\" class=\"wp-caption aligncenter\"><a href=\"http:\/\/www.malerdeck.de\/blog\/wp-content\/uploads\/2012\/12\/Schneetreiben-und-grauer-Himmel.jpg\"><img loading=\"lazy\" decoding=\"async\" aria-describedby=\"caption-attachment-11424\" class=\" wp-image-11424\" title=\"Schneetreiben und grauer Himmel\" src=\"http:\/\/www.malerdeck.de\/blog\/wp-content\/uploads\/2012\/12\/Schneetreiben-und-grauer-Himmel.jpg\" alt=\"\" width=\"545\" height=\"409\" srcset=\"https:\/\/www.malerdeck.de\/blog\/wp-content\/uploads\/2012\/12\/Schneetreiben-und-grauer-Himmel.jpg 547w, https:\/\/www.malerdeck.de\/blog\/wp-content\/uploads\/2012\/12\/Schneetreiben-und-grauer-Himmel-300x225.jpg 300w\" sizes=\"auto, (max-width: 545px) 100vw, 545px\" \/><\/a><p id=\"caption-attachment-11424\" class=\"wp-caption-text\">Gleiche Zeit am Nachmittag, anderer Tag, anderes Feld, anderes Wetter<\/p><\/div>\n<div id=\"attachment_11425\" style=\"width: 555px\" class=\"wp-caption aligncenter\"><a href=\"http:\/\/www.malerdeck.de\/blog\/wp-content\/uploads\/2012\/12\/Gandhi-im-Schneetreiben.jpg\"><img loading=\"lazy\" decoding=\"async\" aria-describedby=\"caption-attachment-11425\" class=\"size-full wp-image-11425\" title=\"Gandhi im Schneetreiben\" src=\"http:\/\/www.malerdeck.de\/blog\/wp-content\/uploads\/2012\/12\/Gandhi-im-Schneetreiben.jpg\" alt=\"\" width=\"545\" height=\"346\" srcset=\"https:\/\/www.malerdeck.de\/blog\/wp-content\/uploads\/2012\/12\/Gandhi-im-Schneetreiben.jpg 545w, https:\/\/www.malerdeck.de\/blog\/wp-content\/uploads\/2012\/12\/Gandhi-im-Schneetreiben-300x190.jpg 300w\" sizes=\"auto, (max-width: 545px) 100vw, 545px\" \/><\/a><p id=\"caption-attachment-11425\" class=\"wp-caption-text\">Gandhi im starken Schneetreiben<\/p><\/div>\n<div id=\"attachment_11426\" style=\"width: 555px\" class=\"wp-caption aligncenter\"><a href=\"http:\/\/www.malerdeck.de\/blog\/wp-content\/uploads\/2012\/12\/Gandhi-macht-das-Wetter-nichts-aus.jpg\"><img loading=\"lazy\" decoding=\"async\" aria-describedby=\"caption-attachment-11426\" class=\"size-full wp-image-11426\" title=\"Gandhi macht das Wetter nichts aus\" src=\"http:\/\/www.malerdeck.de\/blog\/wp-content\/uploads\/2012\/12\/Gandhi-macht-das-Wetter-nichts-aus.jpg\" alt=\"\" width=\"545\" height=\"354\" srcset=\"https:\/\/www.malerdeck.de\/blog\/wp-content\/uploads\/2012\/12\/Gandhi-macht-das-Wetter-nichts-aus.jpg 545w, https:\/\/www.malerdeck.de\/blog\/wp-content\/uploads\/2012\/12\/Gandhi-macht-das-Wetter-nichts-aus-300x194.jpg 300w\" sizes=\"auto, (max-width: 545px) 100vw, 545px\" \/><\/a><p id=\"caption-attachment-11426\" class=\"wp-caption-text\">Gandhi macht das Wetter nichts aus und ich habe einen Satz rote, vor allem aber, kalte Ohren<\/p><\/div>\n","protected":false},"excerpt":{"rendered":"<p>Alle Menschen mit Hund, werden mir vielleicht zustimmen. Man muss zwar mehrfach am Tag mit seinem Vierbeiner raus, erlebt aber dadurch auch viele sehr sch\u00f6ne Dinge. So wie am gestrigen Samstag, zum Beispiel. Um ca. 7:15 Uhr, sind wir gestartet und raus auf\u00b4s Feld gefahren. Da war es noch dunkel. Der Blitz reichte nicht bis [&hellip;]<\/p>\n","protected":false},"author":2,"featured_media":0,"comment_status":"open","ping_status":"open","sticky":false,"template":"","format":"standard","meta":{"footnotes":""},"categories":[13],"tags":[1643,910,915,902],"class_list":["post-11385","post","type-post","status-publish","format-standard","hentry","category-privates","tag-erlebnis","tag-gandhi","tag-hund","tag-natur"],"_links":{"self":[{"href":"https:\/\/www.malerdeck.de\/blog\/wp-json\/wp\/v2\/posts\/11385","targetHints":{"allow":["GET"]}}],"collection":[{"href":"https:\/\/www.malerdeck.de\/blog\/wp-json\/wp\/v2\/posts"}],"about":[{"href":"https:\/\/www.malerdeck.de\/blog\/wp-json\/wp\/v2\/types\/post"}],"author":[{"embeddable":true,"href":"https:\/\/www.malerdeck.de\/blog\/wp-json\/wp\/v2\/users\/2"}],"replies":[{"embeddable":true,"href":"https:\/\/www.malerdeck.de\/blog\/wp-json\/wp\/v2\/comments?post=11385"}],"version-history":[{"count":26,"href":"https:\/\/www.malerdeck.de\/blog\/wp-json\/wp\/v2\/posts\/11385\/revisions"}],"predecessor-version":[{"id":11431,"href":"https:\/\/www.malerdeck.de\/blog\/wp-json\/wp\/v2\/posts\/11385\/revisions\/11431"}],"wp:attachment":[{"href":"https:\/\/www.malerdeck.de\/blog\/wp-json\/wp\/v2\/media?parent=11385"}],"wp:term":[{"taxonomy":"category","embeddable":true,"href":"https:\/\/www.malerdeck.de\/blog\/wp-json\/wp\/v2\/categories?post=11385"},{"taxonomy":"post_tag","embeddable":true,"href":"https:\/\/www.malerdeck.de\/blog\/wp-json\/wp\/v2\/tags?post=11385"}],"curies":[{"name":"wp","href":"https:\/\/api.w.org\/{rel}","templated":true}]}}