{"id":11340,"date":"2012-12-08T15:49:34","date_gmt":"2012-12-08T13:49:34","guid":{"rendered":"http:\/\/www.malerdeck.de\/blog\/?p=11340"},"modified":"2017-03-03T18:46:17","modified_gmt":"2017-03-03T16:46:17","slug":"ein-kofferraum-voll-wintermaentel-jacken-pullover-und-warme-decken-fuer-den-tagestreff-tuer-fuer-wohnungslose","status":"publish","type":"post","link":"https:\/\/www.malerdeck.de\/blog\/ein-kofferraum-voll-wintermaentel-jacken-pullover-und-warme-decken-fuer-den-tagestreff-tuer-fuer-wohnungslose","title":{"rendered":"Ein Kofferraum voll Winterm\u00e4ntel, Jacken, Pullover und warme Decken, f\u00fcr den Tagestreff &#8222;T\u00dcR&#8220; f\u00fcr Wohnungslose"},"content":{"rendered":"<div>\n<blockquote>\n<h3 style=\"text-align: center;\"><a href=\"http:\/\/opti-maler-partner.de\/blog\/ein-kofferraum-voll-wintermaentel-jacken-pullover-und-warme-decken-fuer-den-tagestreff-tuer-fuer-wohnungslose.html\"><span style=\"font-family: Arial;\">Mit einem Klick, geht es hier zum Artikel.<\/span><\/a><span style=\"font-family: Arial;\">&nbsp;<span class=\"349282916-03032017\">\ud83d\ude42<\/span><\/span><\/h3>\n<\/blockquote>\n<\/div>\n","protected":false},"excerpt":{"rendered":"<p>Mit einem Klick, geht es hier zum Artikel.&nbsp;\ud83d\ude42<\/p>\n","protected":false},"author":2,"featured_media":0,"comment_status":"open","ping_status":"open","sticky":false,"template":"","format":"standard","meta":{"footnotes":""},"categories":[16],"tags":[1641,1640,47,1639,511,1642,1638],"class_list":["post-11340","post","type-post","status-publish","format-standard","hentry","category-soziales","tag-diakonie","tag-diakonisches-werk","tag-hilfe","tag-obdachlose","tag-spende","tag-tagestreff-tuer","tag-wohnungslose"],"_links":{"self":[{"href":"https:\/\/www.malerdeck.de\/blog\/wp-json\/wp\/v2\/posts\/11340","targetHints":{"allow":["GET"]}}],"collection":[{"href":"https:\/\/www.malerdeck.de\/blog\/wp-json\/wp\/v2\/posts"}],"about":[{"href":"https:\/\/www.malerdeck.de\/blog\/wp-json\/wp\/v2\/types\/post"}],"author":[{"embeddable":true,"href":"https:\/\/www.malerdeck.de\/blog\/wp-json\/wp\/v2\/users\/2"}],"replies":[{"embeddable":true,"href":"https:\/\/www.malerdeck.de\/blog\/wp-json\/wp\/v2\/comments?post=11340"}],"version-history":[{"count":33,"href":"https:\/\/www.malerdeck.de\/blog\/wp-json\/wp\/v2\/posts\/11340\/revisions"}],"predecessor-version":[{"id":26844,"href":"https:\/\/www.malerdeck.de\/blog\/wp-json\/wp\/v2\/posts\/11340\/revisions\/26844"}],"wp:attachment":[{"href":"https:\/\/www.malerdeck.de\/blog\/wp-json\/wp\/v2\/media?parent=11340"}],"wp:term":[{"taxonomy":"category","embeddable":true,"href":"https:\/\/www.malerdeck.de\/blog\/wp-json\/wp\/v2\/categories?post=11340"},{"taxonomy":"post_tag","embeddable":true,"href":"https:\/\/www.malerdeck.de\/blog\/wp-json\/wp\/v2\/tags?post=11340"}],"curies":[{"name":"wp","href":"https:\/\/api.w.org\/{rel}","templated":true}]}}