{"id":11042,"date":"2012-12-01T09:38:47","date_gmt":"2012-12-01T07:38:47","guid":{"rendered":"http:\/\/www.malerdeck.de\/blog\/?p=11042"},"modified":"2012-12-01T09:42:24","modified_gmt":"2012-12-01T07:42:24","slug":"vielen-herzlichen-dank-fuer-ihre-ueberwaeltigende-unterstuetzung-beim-wettbewerb-sterne-des-handwerks","status":"publish","type":"post","link":"https:\/\/www.malerdeck.de\/blog\/vielen-herzlichen-dank-fuer-ihre-ueberwaeltigende-unterstuetzung-beim-wettbewerb-sterne-des-handwerks","title":{"rendered":"Vielen herzlichen Dank, f\u00fcr Ihre \u00fcberw\u00e4ltigende Unterst\u00fctzung beim Wettbewerb &#8222;Sterne des Handwerks&#8220;"},"content":{"rendered":"<div id=\"attachment_11045\" style=\"width: 135px\" class=\"wp-caption alignleft\"><a href=\"http:\/\/www.malerdeck.de\/blog\/wp-content\/uploads\/2012\/12\/Vielen-Dank.jpg\"><img loading=\"lazy\" decoding=\"async\" aria-describedby=\"caption-attachment-11045\" class=\" wp-image-11045\" title=\"Vielen Dank\" src=\"http:\/\/www.malerdeck.de\/blog\/wp-content\/uploads\/2012\/12\/Vielen-Dank.jpg\" alt=\"\" width=\"125\" height=\"174\" srcset=\"https:\/\/www.malerdeck.de\/blog\/wp-content\/uploads\/2012\/12\/Vielen-Dank.jpg 352w, https:\/\/www.malerdeck.de\/blog\/wp-content\/uploads\/2012\/12\/Vielen-Dank-216x300.jpg 216w\" sizes=\"auto, (max-width: 125px) 100vw, 125px\" \/><\/a><p id=\"caption-attachment-11045\" class=\"wp-caption-text\">Vielen Dank f\u00fcr Ihre\u00a0 Unterst\u00fctzung<\/p><\/div>\n<p style=\"text-align: justify;\">Die Abstimmung zum Wettbewerb &#8222;Sterne des Handwerks&#8220;, ging heute Nacht um 24 Uhr zu Ende und war spannend bis zum Schluss.<\/p>\n<p style=\"text-align: justify;\">Dank Ihrer aller \u00fcberw\u00e4ltigenden Unterst\u00fctzung und Mithilfe, schafften wir es bei der Abstimmung tats\u00e4chlich unter die ersten zehn. \ud83d\ude42<\/p>\n<p style=\"text-align: justify;\">M\u00f6glich war das nur durch zahllose Unterst\u00fctzer\/Innen, die meine Bitte um Abstimmung mannigfach weiterverbreitet haben.<\/p>\n<p style=\"text-align: justify;\">Ob das \u00fcber Twitter, Google+, Facebook, Xing, Linked in usw. oder im pers\u00f6nlichen Gespr\u00e4ch war, es war und ist ganz einfach \u00fcberw\u00e4ltigend.<\/p>\n<p style=\"text-align: justify;\">Ganz besonderer Dank gilt selbstverst\u00e4ndlich unseren Kunden, die uns ebenfalls bei der Abstimmung sehr stark unterst\u00fctzt haben.<\/p>\n<p style=\"text-align: center;\"><strong>Nochmals: Meinen allerherzlichsten Dank f\u00fcr Ihre grandiose Unterst\u00fctzung. \ud83d\ude42<\/strong><\/p>\n<p style=\"text-align: justify;\">Jetzt entscheidet die Experten-Jury, wer dieser zehn Erstpatzierten schlussendlich &#8222;Stern des Handwerks&#8220; wird und damit den Wettbewerb gewinnt.<\/p>\n<div id=\"attachment_11051\" style=\"width: 555px\" class=\"wp-caption aligncenter\"><a href=\"http:\/\/www.malerdeck.de\/blog\/wp-content\/uploads\/2012\/12\/Jury-entscheidet-\u00fcber-Sterne-des-Handwerks.jpg\"><img loading=\"lazy\" decoding=\"async\" aria-describedby=\"caption-attachment-11051\" class=\"size-full wp-image-11051\" title=\"Jury entscheidet \u00fcber Sterne des Handwerks\" src=\"http:\/\/www.malerdeck.de\/blog\/wp-content\/uploads\/2012\/12\/Jury-entscheidet-\u00fcber-Sterne-des-Handwerks.jpg\" alt=\"\" width=\"545\" height=\"129\" srcset=\"https:\/\/www.malerdeck.de\/blog\/wp-content\/uploads\/2012\/12\/Jury-entscheidet-\u00fcber-Sterne-des-Handwerks.jpg 545w, https:\/\/www.malerdeck.de\/blog\/wp-content\/uploads\/2012\/12\/Jury-entscheidet-\u00fcber-Sterne-des-Handwerks-300x71.jpg 300w\" sizes=\"auto, (max-width: 545px) 100vw, 545px\" \/><\/a><p id=\"caption-attachment-11051\" class=\"wp-caption-text\">Diese Experten-Jury entscheidet<\/p><\/div>\n<p>Die Experten-Jury, von links nach rechts:<\/p>\n<ul>\n<li><strong>Prof. Dr. Birgit Ester<\/strong>,\u00a0 Institutsleiterin ITB Institut f\u00fcr Technik der Betriebsf\u00fchrung in Karlsruhe, Jury-Vorsitzende<\/li>\n<li><strong>Joachim Wohlfeil<\/strong>,\u00a0 Vorsitzender der Aktion Modernes Handwerk e.V., Pr\u00e4sident der Handwerkskammer Karlsruhe<\/li>\n<li><strong>Matthias Hindemith<\/strong>,\u00a0 Gesch\u00e4ftsleitung Mercedes-Benz Vertrieb Deutschland, Vertrieb Transporter<\/li>\n<li><strong>Udo Hansen<\/strong>,\u00a0 Vorsitzender des Beirats Unternehmensf\u00fchrung, Hauptgesch\u00e4ftsf\u00fchrer der Handwerkskammer Flensburg<\/li>\n<li><strong>Stefan Koenen<\/strong>,\u00a0 Gesch\u00e4ftsf\u00fchrer der Aktion Modernes Handwerks e.V., Bereichsleiter Kommunikation und Koordination der Handwerkspolitik beim ZDH Zentralverband des Deutschen Handwerks<\/li>\n<li><strong>Mathias Bucksteeg<\/strong>,\u00a0 Berater der Imagekampagne des Handwerks, ehem. Direktor der PROGNOS AG<\/li>\n<\/ul>\n<p>Der Sieger wird auf Internationalen Handwerksmesse M\u00fcnchen (IHM), im M\u00e4rz 2013 gek\u00fcrt.<\/p>\n<div id=\"attachment_11049\" style=\"width: 555px\" class=\"wp-caption aligncenter\"><a href=\"http:\/\/www.sterne-des-handwerks.de\/ranking.html\" target=\"_blank\"><img loading=\"lazy\" decoding=\"async\" aria-describedby=\"caption-attachment-11049\" class=\"size-full wp-image-11049\" title=\"Jury entscheidet bei Sterne des Handwerks\" src=\"http:\/\/www.malerdeck.de\/blog\/wp-content\/uploads\/2012\/12\/Jury-entscheidet-bei-Sterne-des-Handwerks.jpg\" alt=\"\" width=\"545\" height=\"453\" srcset=\"https:\/\/www.malerdeck.de\/blog\/wp-content\/uploads\/2012\/12\/Jury-entscheidet-bei-Sterne-des-Handwerks.jpg 545w, https:\/\/www.malerdeck.de\/blog\/wp-content\/uploads\/2012\/12\/Jury-entscheidet-bei-Sterne-des-Handwerks-300x249.jpg 300w\" sizes=\"auto, (max-width: 545px) 100vw, 545px\" \/><\/a><p id=\"caption-attachment-11049\" class=\"wp-caption-text\">Wer wird endg\u00fcltig &#8222;Stern des Handwerks&#8220;?<\/p><\/div>\n","protected":false},"excerpt":{"rendered":"<p>Die Abstimmung zum Wettbewerb &#8222;Sterne des Handwerks&#8220;, ging heute Nacht um 24 Uhr zu Ende und war spannend bis zum Schluss. Dank Ihrer aller \u00fcberw\u00e4ltigenden Unterst\u00fctzung und Mithilfe, schafften wir es bei der Abstimmung tats\u00e4chlich unter die ersten zehn. \ud83d\ude42 M\u00f6glich war das nur durch zahllose Unterst\u00fctzer\/Innen, die meine Bitte um Abstimmung mannigfach weiterverbreitet haben. [&hellip;]<\/p>\n","protected":false},"author":2,"featured_media":0,"comment_status":"open","ping_status":"open","sticky":false,"template":"","format":"standard","meta":{"footnotes":""},"categories":[1,22],"tags":[1567,240,31,47,24,1580,2950,1565],"class_list":["post-11042","post","type-post","status-publish","format-standard","hentry","category-allgemein","category-social-media","tag-abstimmung","tag-danke","tag-handwerk","tag-hilfe","tag-malerdeck","tag-mercedes","tag-social-media","tag-sterne-des-handwerks"],"_links":{"self":[{"href":"https:\/\/www.malerdeck.de\/blog\/wp-json\/wp\/v2\/posts\/11042","targetHints":{"allow":["GET"]}}],"collection":[{"href":"https:\/\/www.malerdeck.de\/blog\/wp-json\/wp\/v2\/posts"}],"about":[{"href":"https:\/\/www.malerdeck.de\/blog\/wp-json\/wp\/v2\/types\/post"}],"author":[{"embeddable":true,"href":"https:\/\/www.malerdeck.de\/blog\/wp-json\/wp\/v2\/users\/2"}],"replies":[{"embeddable":true,"href":"https:\/\/www.malerdeck.de\/blog\/wp-json\/wp\/v2\/comments?post=11042"}],"version-history":[{"count":20,"href":"https:\/\/www.malerdeck.de\/blog\/wp-json\/wp\/v2\/posts\/11042\/revisions"}],"predecessor-version":[{"id":11065,"href":"https:\/\/www.malerdeck.de\/blog\/wp-json\/wp\/v2\/posts\/11042\/revisions\/11065"}],"wp:attachment":[{"href":"https:\/\/www.malerdeck.de\/blog\/wp-json\/wp\/v2\/media?parent=11042"}],"wp:term":[{"taxonomy":"category","embeddable":true,"href":"https:\/\/www.malerdeck.de\/blog\/wp-json\/wp\/v2\/categories?post=11042"},{"taxonomy":"post_tag","embeddable":true,"href":"https:\/\/www.malerdeck.de\/blog\/wp-json\/wp\/v2\/tags?post=11042"}],"curies":[{"name":"wp","href":"https:\/\/api.w.org\/{rel}","templated":true}]}}