{"id":10717,"date":"2011-01-31T09:19:44","date_gmt":"2011-01-31T07:19:44","guid":{"rendered":"http:\/\/www.malerdeck.de\/blog\/?p=10717"},"modified":"2013-06-10T18:45:31","modified_gmt":"2013-06-10T16:45:31","slug":"auch-das-gibt-es-wegen-der-guten-beratung-hat-eine-kundin-traenen-vor-glueck-und-freude-in-den-augen","status":"publish","type":"post","link":"https:\/\/www.malerdeck.de\/blog\/auch-das-gibt-es-wegen-der-guten-beratung-hat-eine-kundin-traenen-vor-glueck-und-freude-in-den-augen","title":{"rendered":"Auch das gibt es: Wegen der guten Beratung, hat eine Kundin Tr\u00e4nen vor Gl\u00fcck und Freude in den Augen"},"content":{"rendered":"<p style=\"text-align: justify;\">Meine liebe Liebe ist eine ganz hervorragende Beraterin f\u00fcr Form und Farbe. In dieser Eigenschaft ber\u00e4t sie unsere Kunden ganz ausgezeichnet. Die Kunden sind dabei voll des Lobes.<\/p>\n<p style=\"text-align: justify;\">Am vergangenen Donnerstag beriet meine liebe Liebe ein Kundenehepaar. Es ging um die Gestaltung von Wohn- und Schlafzimmer. Eineinalb Stunden dauerte die qualifizierte Beratung. Das Ergebnis ist dieser Ausf\u00fchrungsplan f\u00fcr die Mitarbeiter.<\/p>\n<div id=\"attachment_10718\" style=\"width: 552px\" class=\"wp-caption aligncenter\"><a href=\"http:\/\/www.malerdeck.de\/blog\/wp-content\/uploads\/2012\/11\/blog-beratungauswahlschlafzimmer.jpg\"><img loading=\"lazy\" decoding=\"async\" aria-describedby=\"caption-attachment-10718\" class=\"size-full wp-image-10718\" title=\"blog-beratungauswahlschlafzimmer\" alt=\"\" src=\"http:\/\/www.malerdeck.de\/blog\/wp-content\/uploads\/2012\/11\/blog-beratungauswahlschlafzimmer.jpg\" width=\"542\" height=\"597\" srcset=\"https:\/\/www.malerdeck.de\/blog\/wp-content\/uploads\/2012\/11\/blog-beratungauswahlschlafzimmer.jpg 542w, https:\/\/www.malerdeck.de\/blog\/wp-content\/uploads\/2012\/11\/blog-beratungauswahlschlafzimmer-272x300.jpg 272w\" sizes=\"auto, (max-width: 542px) 100vw, 542px\" \/><\/a><p id=\"caption-attachment-10718\" class=\"wp-caption-text\">Ausf\u00fchrungsskizze nach Beratung<\/p><\/div>\n<p style=\"text-align: justify;\">Vor Freude und Gl\u00fcck \u00fcber die gute Beratung und \u00fcber die zu erwartenden, neu gestalteten, Zimmer, hatte die Kundin Tr\u00e4nen in den Augen.<\/p>\n<p style=\"text-align: justify;\">Meine liebe Liebe schafft nicht nur eine sch\u00f6ne Raumatmosph\u00e4re, sondern kann unsere Kunden auch emotional begeistern. Das macht sie ganz wunderbar und ich bin, nicht nur deshalb,\u00a0sehr stolz auf sie!<\/p>\n","protected":false},"excerpt":{"rendered":"<p>Meine liebe Liebe ist eine ganz hervorragende Beraterin f\u00fcr Form und Farbe. In dieser Eigenschaft ber\u00e4t sie unsere Kunden ganz ausgezeichnet. Die Kunden sind dabei voll des Lobes. Am vergangenen Donnerstag beriet meine liebe Liebe ein Kundenehepaar. Es ging um die Gestaltung von Wohn- und Schlafzimmer. Eineinalb Stunden dauerte die qualifizierte Beratung. Das Ergebnis ist [&hellip;]<\/p>\n","protected":false},"author":2,"featured_media":0,"comment_status":"open","ping_status":"open","sticky":false,"template":"","format":"standard","meta":{"footnotes":""},"categories":[3],"tags":[239,1321,2155,2156,2100],"class_list":["post-10717","post","type-post","status-publish","format-standard","hentry","category-beratung-und-gestaltung","tag-freude","tag-glueck","tag-gute-bratung","tag-skizze","tag-traenen"],"_links":{"self":[{"href":"https:\/\/www.malerdeck.de\/blog\/wp-json\/wp\/v2\/posts\/10717","targetHints":{"allow":["GET"]}}],"collection":[{"href":"https:\/\/www.malerdeck.de\/blog\/wp-json\/wp\/v2\/posts"}],"about":[{"href":"https:\/\/www.malerdeck.de\/blog\/wp-json\/wp\/v2\/types\/post"}],"author":[{"embeddable":true,"href":"https:\/\/www.malerdeck.de\/blog\/wp-json\/wp\/v2\/users\/2"}],"replies":[{"embeddable":true,"href":"https:\/\/www.malerdeck.de\/blog\/wp-json\/wp\/v2\/comments?post=10717"}],"version-history":[{"count":3,"href":"https:\/\/www.malerdeck.de\/blog\/wp-json\/wp\/v2\/posts\/10717\/revisions"}],"predecessor-version":[{"id":16131,"href":"https:\/\/www.malerdeck.de\/blog\/wp-json\/wp\/v2\/posts\/10717\/revisions\/16131"}],"wp:attachment":[{"href":"https:\/\/www.malerdeck.de\/blog\/wp-json\/wp\/v2\/media?parent=10717"}],"wp:term":[{"taxonomy":"category","embeddable":true,"href":"https:\/\/www.malerdeck.de\/blog\/wp-json\/wp\/v2\/categories?post=10717"},{"taxonomy":"post_tag","embeddable":true,"href":"https:\/\/www.malerdeck.de\/blog\/wp-json\/wp\/v2\/tags?post=10717"}],"curies":[{"name":"wp","href":"https:\/\/api.w.org\/{rel}","templated":true}]}}