{"id":10673,"date":"2012-11-22T12:52:00","date_gmt":"2012-11-22T10:52:00","guid":{"rendered":"http:\/\/www.malerdeck.de\/blog\/?p=10673"},"modified":"2012-11-22T12:52:20","modified_gmt":"2012-11-22T10:52:20","slug":"gute-idee-redaktion-sterne-des-handwerks-ueberprueft-abstimmungs-mobilisierung-der-betriebe-im-vorderfeld","status":"publish","type":"post","link":"https:\/\/www.malerdeck.de\/blog\/gute-idee-redaktion-sterne-des-handwerks-ueberprueft-abstimmungs-mobilisierung-der-betriebe-im-vorderfeld","title":{"rendered":"Gute Idee: Redaktion &#8222;Sterne des Handwerks&#8220;, \u00fcberpr\u00fcft die Abstimmungs-Mobilisierung der Betriebe im Vorderfeld"},"content":{"rendered":"<p>Gestern Nachmittag, erhielt ich diese Email, von der Redaktion &#8222;Sterne des Handwerks&#8220;.<\/p>\n<div id=\"attachment_10677\" style=\"width: 555px\" class=\"wp-caption aligncenter\"><a href=\"http:\/\/www.malerdeck.de\/blog\/wp-content\/uploads\/2012\/11\/Email-der-Redaktion-Sterne-des-Handwerks.jpg\"><img loading=\"lazy\" decoding=\"async\" aria-describedby=\"caption-attachment-10677\" class=\" wp-image-10677\" title=\"Email der Redaktion Sterne des Handwerks\" src=\"http:\/\/www.malerdeck.de\/blog\/wp-content\/uploads\/2012\/11\/Email-der-Redaktion-Sterne-des-Handwerks.jpg\" alt=\"\" width=\"545\" height=\"492\" srcset=\"https:\/\/www.malerdeck.de\/blog\/wp-content\/uploads\/2012\/11\/Email-der-Redaktion-Sterne-des-Handwerks.jpg 584w, https:\/\/www.malerdeck.de\/blog\/wp-content\/uploads\/2012\/11\/Email-der-Redaktion-Sterne-des-Handwerks-300x271.jpg 300w\" sizes=\"auto, (max-width: 545px) 100vw, 545px\" \/><\/a><p id=\"caption-attachment-10677\" class=\"wp-caption-text\">Email der Redaktion Sterne des Handwerks<\/p><\/div>\n<p>Zwei Dinge gefallen mir dabei sehr gut:<\/p>\n<ol>\n<li style=\"text-align: justify;\">Alle im Vorderfeld liegenden Betriebe m\u00fcssen dokumentieren, mit welchen Ideen und Ma\u00dfnahmen Fans zur Stimmabgabe motiviert wurden.<\/li>\n<li>Der Ideenreichtum zur Mobilisierung der eigenen Anh\u00e4nger, flie\u00dft mit in die Bewertung der Jury ein.<\/li>\n<\/ol>\n<p>Noch gestern Sp\u00e4tnachmittag, bereits um 17:15 Uhr, schickte ich meine umfangreiche Dokumentation an die Redaktion.<\/p>\n<p style=\"text-align: justify;\">Vielen Dank f\u00fcr Ihre bisherige tolle Unterst\u00fctzung bei der Abstimmung zu &#8222;Sterne des Handerks&#8220;. Wir sind im Verfolgerfeld und aktuell auf Platz 11. Also <a href=\"http:\/\/bit.ly\/REJQrp\" target=\"_blank\">bitte weiter f\u00fcr uns abstimmen<\/a>. \ud83d\ude42 Herzlichen Dank.<\/p>\n","protected":false},"excerpt":{"rendered":"<p>Gestern Nachmittag, erhielt ich diese Email, von der Redaktion &#8222;Sterne des Handwerks&#8220;. Zwei Dinge gefallen mir dabei sehr gut: Alle im Vorderfeld liegenden Betriebe m\u00fcssen dokumentieren, mit welchen Ideen und Ma\u00dfnahmen Fans zur Stimmabgabe motiviert wurden. Der Ideenreichtum zur Mobilisierung der eigenen Anh\u00e4nger, flie\u00dft mit in die Bewertung der Jury ein. Noch gestern Sp\u00e4tnachmittag, bereits [&hellip;]<\/p>\n","protected":false},"author":2,"featured_media":0,"comment_status":"open","ping_status":"open","sticky":false,"template":"","format":"standard","meta":{"footnotes":""},"categories":[1,22],"tags":[1567,31,24,1580,2950,1565,1586,1566],"class_list":["post-10673","post","type-post","status-publish","format-standard","hentry","category-allgemein","category-social-media","tag-abstimmung","tag-handwerk","tag-malerdeck","tag-mercedes","tag-social-media","tag-sterne-des-handwerks","tag-ueberpruefung","tag-wettberwerb"],"_links":{"self":[{"href":"https:\/\/www.malerdeck.de\/blog\/wp-json\/wp\/v2\/posts\/10673","targetHints":{"allow":["GET"]}}],"collection":[{"href":"https:\/\/www.malerdeck.de\/blog\/wp-json\/wp\/v2\/posts"}],"about":[{"href":"https:\/\/www.malerdeck.de\/blog\/wp-json\/wp\/v2\/types\/post"}],"author":[{"embeddable":true,"href":"https:\/\/www.malerdeck.de\/blog\/wp-json\/wp\/v2\/users\/2"}],"replies":[{"embeddable":true,"href":"https:\/\/www.malerdeck.de\/blog\/wp-json\/wp\/v2\/comments?post=10673"}],"version-history":[{"count":14,"href":"https:\/\/www.malerdeck.de\/blog\/wp-json\/wp\/v2\/posts\/10673\/revisions"}],"predecessor-version":[{"id":10688,"href":"https:\/\/www.malerdeck.de\/blog\/wp-json\/wp\/v2\/posts\/10673\/revisions\/10688"}],"wp:attachment":[{"href":"https:\/\/www.malerdeck.de\/blog\/wp-json\/wp\/v2\/media?parent=10673"}],"wp:term":[{"taxonomy":"category","embeddable":true,"href":"https:\/\/www.malerdeck.de\/blog\/wp-json\/wp\/v2\/categories?post=10673"},{"taxonomy":"post_tag","embeddable":true,"href":"https:\/\/www.malerdeck.de\/blog\/wp-json\/wp\/v2\/tags?post=10673"}],"curies":[{"name":"wp","href":"https:\/\/api.w.org\/{rel}","templated":true}]}}