{"id":1059,"date":"2011-08-15T09:22:42","date_gmt":"2011-08-15T07:22:42","guid":{"rendered":"http:\/\/www.malerdeck.de\/blog\/?p=1059"},"modified":"2013-09-17T05:24:08","modified_gmt":"2013-09-17T03:24:08","slug":"immer-alles-billiger","status":"publish","type":"post","link":"https:\/\/www.malerdeck.de\/blog\/immer-alles-billiger","title":{"rendered":"Immer alles billiger?"},"content":{"rendered":"<div id=\"attachment_19104\" style=\"width: 218px\" class=\"wp-caption alignleft\"><a href=\"http:\/\/www.malerdeck.de\/blog\/wp-content\/uploads\/2011\/08\/immer-alles-billiger.jpg\"><img loading=\"lazy\" decoding=\"async\" aria-describedby=\"caption-attachment-19104\" class=\"size-full wp-image-19104 \" alt=\"Immer alles billiger?\" src=\"http:\/\/www.malerdeck.de\/blog\/wp-content\/uploads\/2011\/08\/immer-alles-billiger.jpg\" width=\"208\" height=\"264\" srcset=\"https:\/\/www.malerdeck.de\/blog\/wp-content\/uploads\/2011\/08\/immer-alles-billiger.jpg 300w, https:\/\/www.malerdeck.de\/blog\/wp-content\/uploads\/2011\/08\/immer-alles-billiger-237x300.jpg 237w\" sizes=\"auto, (max-width: 208px) 100vw, 208px\" \/><\/a><p id=\"caption-attachment-19104\" class=\"wp-caption-text\">Immer alles billiger?<\/p><\/div>\n<p>Vor ein paar Wochen wurde ich zu einem Angebot an einem Haus gerufen, ca. 35 km von hier. Wie immer, bin ich p\u00fcnktlich erschienen, habe fachgerecht beraten und das Angebot schnell erstellt.<\/p>\n<p>An dem Einfamilienhaus ging es um die Fensteranstricharbeiten (innen und au\u00dfen) am ganzen Haus, sowie den Anstrich der Holzdachgesimse am ganzen Haus. Heute rief mich der \u201cKunde\u201d an. Man m\u00fcsse ja sehen wo man bleibt, deshalb habe er sich vom \u00f6rtlichen Maler, der ihm empfohlen wurde, ebenfalls ein Angebot machen lassen.<\/p>\n<p>Mein Angebotspreis liegt bei \u20ac 2480,00. Der \u00f6rtliche Maler sei Euro 500,00 billiger. Ob ich denn noch am Preis etwas machen k\u00f6nne?\u00a0 \u201cLeider kann ich am Preis nichts machen\u201d, war meine Antwort. Ich kalkuliere seri\u00f6s und ohne \u201cVerhandlungsluft\u201d. Da der \u00f6rtliche Malerbetrieb ca. 20% billiger ist, wird dieser die Arbeiten ausf\u00fchren.<\/p>\n<p>Ob der dabei gl\u00fccklich wird, wage ich zu bezweifeln. Den Kalkulationsaufwand f\u00fcr die Arbeiten kenne ich sehr genau. Das 20% schneller machen zu wollen ist unm\u00f6glich oder geht ganz einfach zu Lasten der Qualit\u00e4t.<\/p>\n<p>Man kann eben nicht jeden Auftrag erhalten.<\/p>\n","protected":false},"excerpt":{"rendered":"<p>Vor ein paar Wochen wurde ich zu einem Angebot an einem Haus gerufen, ca. 35 km von hier. Wie immer, bin ich p\u00fcnktlich erschienen, habe fachgerecht beraten und das Angebot schnell erstellt. An dem Einfamilienhaus ging es um die Fensteranstricharbeiten (innen und au\u00dfen) am ganzen Haus, sowie den Anstrich der Holzdachgesimse am ganzen Haus. Heute [&hellip;]<\/p>\n","protected":false},"author":2,"featured_media":0,"comment_status":"open","ping_status":"open","sticky":false,"template":"","format":"standard","meta":{"footnotes":""},"categories":[37],"tags":[40,38,188,189,39,190],"class_list":["post-1059","post","type-post","status-publish","format-standard","hentry","category-wettbewerber","tag-angebot","tag-billig","tag-billigheimer","tag-geiz-ist-geil","tag-preis","tag-wettbewerb"],"_links":{"self":[{"href":"https:\/\/www.malerdeck.de\/blog\/wp-json\/wp\/v2\/posts\/1059","targetHints":{"allow":["GET"]}}],"collection":[{"href":"https:\/\/www.malerdeck.de\/blog\/wp-json\/wp\/v2\/posts"}],"about":[{"href":"https:\/\/www.malerdeck.de\/blog\/wp-json\/wp\/v2\/types\/post"}],"author":[{"embeddable":true,"href":"https:\/\/www.malerdeck.de\/blog\/wp-json\/wp\/v2\/users\/2"}],"replies":[{"embeddable":true,"href":"https:\/\/www.malerdeck.de\/blog\/wp-json\/wp\/v2\/comments?post=1059"}],"version-history":[{"count":8,"href":"https:\/\/www.malerdeck.de\/blog\/wp-json\/wp\/v2\/posts\/1059\/revisions"}],"predecessor-version":[{"id":19105,"href":"https:\/\/www.malerdeck.de\/blog\/wp-json\/wp\/v2\/posts\/1059\/revisions\/19105"}],"wp:attachment":[{"href":"https:\/\/www.malerdeck.de\/blog\/wp-json\/wp\/v2\/media?parent=1059"}],"wp:term":[{"taxonomy":"category","embeddable":true,"href":"https:\/\/www.malerdeck.de\/blog\/wp-json\/wp\/v2\/categories?post=1059"},{"taxonomy":"post_tag","embeddable":true,"href":"https:\/\/www.malerdeck.de\/blog\/wp-json\/wp\/v2\/tags?post=1059"}],"curies":[{"name":"wp","href":"https:\/\/api.w.org\/{rel}","templated":true}]}}