{"id":10438,"date":"2010-08-14T16:54:51","date_gmt":"2010-08-14T14:54:51","guid":{"rendered":"http:\/\/www.malerdeck.de\/blog\/?p=10438"},"modified":"2013-07-17T06:48:01","modified_gmt":"2013-07-17T04:48:01","slug":"kundenehepaar-faehrt-in-urlaub-und-wir-renovieren-das-haus-beginn-am-16-august","status":"publish","type":"post","link":"https:\/\/www.malerdeck.de\/blog\/kundenehepaar-faehrt-in-urlaub-und-wir-renovieren-das-haus-beginn-am-16-august","title":{"rendered":"Kundenehepaar f\u00e4hrt in Urlaub und wir renovieren das Haus! Beginn am 16. August"},"content":{"rendered":"<div id=\"attachment_10439\" style=\"width: 528px\" class=\"wp-caption aligncenter\"><a href=\"http:\/\/www.malerdeck.de\/blog\/wp-content\/uploads\/2012\/11\/blog-urlaubsrenovierung.jpg\"><img loading=\"lazy\" decoding=\"async\" aria-describedby=\"caption-attachment-10439\" class=\"size-full wp-image-10439 \" title=\"blog-urlaubsrenovierung\" alt=\"\" src=\"http:\/\/www.malerdeck.de\/blog\/wp-content\/uploads\/2012\/11\/blog-urlaubsrenovierung.jpg\" width=\"518\" height=\"353\" srcset=\"https:\/\/www.malerdeck.de\/blog\/wp-content\/uploads\/2012\/11\/blog-urlaubsrenovierung.jpg 518w, https:\/\/www.malerdeck.de\/blog\/wp-content\/uploads\/2012\/11\/blog-urlaubsrenovierung-300x204.jpg 300w\" sizes=\"auto, (max-width: 518px) 100vw, 518px\" \/><\/a><p id=\"caption-attachment-10439\" class=\"wp-caption-text\">Die Kunden sind in Urlaub<\/p><\/div>\n<p style=\"text-align: justify;\">Manche Menschen k\u00f6nnen sich das gar nicht vorstellen: In Urlaub zu fahren und w\u00e4hrend dieser Zeit Haus oder Wohnung renovieren zu lassen. Nat\u00fcrlich ist das f\u00fcr mich und mein Team ein sehr gro\u00dfer Vertrauensbeweis. <a href=\"http:\/\/www.malerdeck.de\/blog\/so-funktioniert-die-aktive-persoenliche-weiterempfehlung-durch-mundpropaganda\" target=\"_blank\">Und wir machen das auch wirklich erstklassig!<\/a><\/p>\n<p style=\"text-align: justify;\">Das ist unsere <a href=\"http:\/\/www.malerdeck.de\/html\/sie_gehen_in_urlaub___.html\" target=\"_blank\">Werbung daf\u00fcr auf der Homepage.<\/a><\/p>\n<p style=\"text-align: justify;\">Am kommenden Montag, 16. August, steht wieder die Urlaubsrenovierung eines Hauses von innen an. Zwei Stockwerke und das Treppenhaus werden renoviert. W\u00e4hrend dieser Zeit macht das Kundenehepaar auf einer Nordseeinsel Urlaub.<\/p>\n<p style=\"text-align: justify;\">Am vergangenen Donnerstag hatte ich bei dem Ehepaar den \u00dcbergabetermin der Schl\u00fcssel f\u00fcr das Haus. Dabei wurden noch einmal alle notwendigen Details besprochen. Besonders wichtig war dem Ehepaar die Sicherung Ihres Hauses und die richtige Bedienung der Alarmanlage.<\/p>\n<p style=\"text-align: justify;\">Zu diesem Zweck habe ich f\u00fcr mein Team eine exakte Liste der zu beachtenden Punkte, leicht \u00fcbersichtlich, zusammengestellt. Diese Liste erh\u00e4lt mein Vorarbeiter, zus\u00e4tzlich zur Aufstellung der auszuf\u00fchrenden Malerarbeiten.<\/p>\n<p><a href=\"http:\/\/www.malerdeck.de\/blog\/wp-content\/uploads\/2012\/11\/blog-urlaubsrenovierung1.jpg\"><img loading=\"lazy\" decoding=\"async\" class=\"aligncenter size-full wp-image-10440\" title=\"blog-urlaubsrenovierung1\" alt=\"\" src=\"http:\/\/www.malerdeck.de\/blog\/wp-content\/uploads\/2012\/11\/blog-urlaubsrenovierung1.jpg\" width=\"518\" height=\"801\" srcset=\"https:\/\/www.malerdeck.de\/blog\/wp-content\/uploads\/2012\/11\/blog-urlaubsrenovierung1.jpg 518w, https:\/\/www.malerdeck.de\/blog\/wp-content\/uploads\/2012\/11\/blog-urlaubsrenovierung1-194x300.jpg 194w\" sizes=\"auto, (max-width: 518px) 100vw, 518px\" \/><\/a> <a href=\"http:\/\/www.malerdeck.de\/blog\/wp-content\/uploads\/2012\/11\/blog-urlaubsrenovierung2.jpg\"><img loading=\"lazy\" decoding=\"async\" class=\"aligncenter size-full wp-image-10441\" title=\"blog-urlaubsrenovierung2\" alt=\"\" src=\"http:\/\/www.malerdeck.de\/blog\/wp-content\/uploads\/2012\/11\/blog-urlaubsrenovierung2.jpg\" width=\"518\" height=\"864\" srcset=\"https:\/\/www.malerdeck.de\/blog\/wp-content\/uploads\/2012\/11\/blog-urlaubsrenovierung2.jpg 518w, https:\/\/www.malerdeck.de\/blog\/wp-content\/uploads\/2012\/11\/blog-urlaubsrenovierung2-179x300.jpg 179w\" sizes=\"auto, (max-width: 518px) 100vw, 518px\" \/><\/a><\/p>\n<p><a href=\"http:\/\/www.malerdeck.de\/blog\/wp-content\/uploads\/2012\/11\/blog-urlaubsrenovierung31.jpg\"><img loading=\"lazy\" decoding=\"async\" class=\"aligncenter size-full wp-image-10443\" title=\"blog-urlaubsrenovierung3\" alt=\"\" src=\"http:\/\/www.malerdeck.de\/blog\/wp-content\/uploads\/2012\/11\/blog-urlaubsrenovierung31.jpg\" width=\"518\" height=\"740\" srcset=\"https:\/\/www.malerdeck.de\/blog\/wp-content\/uploads\/2012\/11\/blog-urlaubsrenovierung31.jpg 518w, https:\/\/www.malerdeck.de\/blog\/wp-content\/uploads\/2012\/11\/blog-urlaubsrenovierung31-210x300.jpg 210w\" sizes=\"auto, (max-width: 518px) 100vw, 518px\" \/><\/a><\/p>\n<p>Wenn wir am Montagmorgen beginnen, gehe ich mit meinem Team diese Liste durch und bespreche alles ausf\u00fchrlich. Nichts darf schief gehen, nichts darf besch\u00e4digt werden, kein Kabel darf vertauscht werden, kein Fehler darf passieren.<\/p>\n<p>Sicherheitshalber habe ich noch einmal eine gesonderte Checkliste erstellt, die das Team beim Feierabend und Verlassen des Hauses durchgehen muss, damit alle Punkte fehlerfrei abgearbeitet werden.<\/p>\n<p><a href=\"http:\/\/www.malerdeck.de\/blog\/wp-content\/uploads\/2012\/11\/blog-urlaubsrenovierung4.jpg\"><img loading=\"lazy\" decoding=\"async\" class=\"aligncenter size-full wp-image-10444\" title=\"blog-urlaubsrenovierung4\" alt=\"\" src=\"http:\/\/www.malerdeck.de\/blog\/wp-content\/uploads\/2012\/11\/blog-urlaubsrenovierung4.jpg\" width=\"518\" height=\"282\" srcset=\"https:\/\/www.malerdeck.de\/blog\/wp-content\/uploads\/2012\/11\/blog-urlaubsrenovierung4.jpg 518w, https:\/\/www.malerdeck.de\/blog\/wp-content\/uploads\/2012\/11\/blog-urlaubsrenovierung4-300x163.jpg 300w\" sizes=\"auto, (max-width: 518px) 100vw, 518px\" \/><\/a><\/p>\n<p style=\"text-align: justify;\">Ganz bestimmt stehen wir auch unter erh\u00f6hter und \u201cstrengster Beobachtung\u201d der gesamten Nachbarschaft. Und das Haus muss abends\/nachts so aussehen, als w\u00e4ren die Besitzer anwesend. Aber ich bin sicher, alles wird reibungslos und zur vollsten Kundenzufriedenheit ablaufen.<\/p>\n","protected":false},"excerpt":{"rendered":"<p>Manche Menschen k\u00f6nnen sich das gar nicht vorstellen: In Urlaub zu fahren und w\u00e4hrend dieser Zeit Haus oder Wohnung renovieren zu lassen. Nat\u00fcrlich ist das f\u00fcr mich und mein Team ein sehr gro\u00dfer Vertrauensbeweis. Und wir machen das auch wirklich erstklassig! Das ist unsere Werbung daf\u00fcr auf der Homepage. Am kommenden Montag, 16. August, steht [&hellip;]<\/p>\n","protected":false},"author":2,"featured_media":0,"comment_status":"open","ping_status":"open","sticky":false,"template":"","format":"standard","meta":{"footnotes":""},"categories":[26],"tags":[2054,2053,1823,2052,392,2951],"class_list":["post-10438","post","type-post","status-publish","format-standard","hentry","category-urlaubsrenovierung","tag-entspannt","tag-erholt","tag-renovierung","tag-stressfrei","tag-urlaub","tag-urlaubsrenovierung"],"_links":{"self":[{"href":"https:\/\/www.malerdeck.de\/blog\/wp-json\/wp\/v2\/posts\/10438","targetHints":{"allow":["GET"]}}],"collection":[{"href":"https:\/\/www.malerdeck.de\/blog\/wp-json\/wp\/v2\/posts"}],"about":[{"href":"https:\/\/www.malerdeck.de\/blog\/wp-json\/wp\/v2\/types\/post"}],"author":[{"embeddable":true,"href":"https:\/\/www.malerdeck.de\/blog\/wp-json\/wp\/v2\/users\/2"}],"replies":[{"embeddable":true,"href":"https:\/\/www.malerdeck.de\/blog\/wp-json\/wp\/v2\/comments?post=10438"}],"version-history":[{"count":9,"href":"https:\/\/www.malerdeck.de\/blog\/wp-json\/wp\/v2\/posts\/10438\/revisions"}],"predecessor-version":[{"id":17666,"href":"https:\/\/www.malerdeck.de\/blog\/wp-json\/wp\/v2\/posts\/10438\/revisions\/17666"}],"wp:attachment":[{"href":"https:\/\/www.malerdeck.de\/blog\/wp-json\/wp\/v2\/media?parent=10438"}],"wp:term":[{"taxonomy":"category","embeddable":true,"href":"https:\/\/www.malerdeck.de\/blog\/wp-json\/wp\/v2\/categories?post=10438"},{"taxonomy":"post_tag","embeddable":true,"href":"https:\/\/www.malerdeck.de\/blog\/wp-json\/wp\/v2\/tags?post=10438"}],"curies":[{"name":"wp","href":"https:\/\/api.w.org\/{rel}","templated":true}]}}